{"id":4362,"date":"2023-01-11T11:45:56","date_gmt":"2023-01-11T10:45:56","guid":{"rendered":"https:\/\/agora.xtec.cat\/ieslajonquera\/?p=4362"},"modified":"2023-01-29T20:58:28","modified_gmt":"2023-01-29T19:58:28","slug":"comenca-el-periode-de-preinscripcio-del-delf-2","status":"publish","type":"post","link":"https:\/\/agora.xtec.cat\/ieslajonquera\/general\/comenca-el-periode-de-preinscripcio-del-delf-2\/","title":{"rendered":"Comen\u00e7a el per\u00edode de preinscripci\u00f3 del DELF"},"content":{"rendered":"<p><a href=\"https:\/\/agora.xtec.cat\/ieslajonquera\/wp-content\/uploads\/usu2014\/2021\/02\/DELF.png\"><img loading=\"lazy\" decoding=\"async\" class=\"size-medium wp-image-2535 alignleft\" src=\"https:\/\/agora.xtec.cat\/ieslajonquera\/wp-content\/uploads\/usu2014\/2021\/02\/DELF-300x300.png\" alt=\"\" width=\"300\" height=\"300\" \/><\/a>Es tracta d&#8217;una prova oficial de franc\u00e8s que els alumnes preparen al centre des de la <a href=\"https:\/\/drive.google.com\/file\/d\/1h-WL6PgYhKQI1RMGxXGg7G9PgNzn2Gj9\/view?usp=sharing\">mat\u00e8ria optativa Franc\u00e8s <\/a>a 4t d&#8217;ESO i a Batxibac.<\/p>\n<p><u>PROC\u00c9S DE PREINSCRIPCI\u00d3 I MATRICULACI\u00d3<\/u><\/p>\n<p>\u2022 Preinscripci\u00f3 DELF scolaire 2023:<b> <\/b><b>Del 12 de desembre 2022 al\u00a029 de gener 2023<\/b><\/p>\n<p>\u2022 Matriculaci\u00f3 i pagament DELF scolaire 2023: <b>De l\u20191 al\u00a019 de febrer de 2023<\/b><\/p>\n<p><u>PROVES ESCRITES<\/u><\/p>\n<p>\u2022 DELF A2: Dimarts 27 d\u2019abril de 17h00 a 18h40<\/p>\n<p>\u2022 DELF B1: Dilluns 26 d\u2019abril de 17h a 18h55h<\/p>\n<p>\u2022 DELF B2: Dimarts 27 d\u2019abril de 17h a 19h30<\/p>\n<p><u>PROVES ORALS INDIVIDUALS<\/u><\/p>\n<p>\u2022 Entre el 13 d\u2019abril i el 14 de maig de 2021<\/p>\n<p><u>PREUS 2023<\/u><\/p>\n<div><strong>DELF A2 : 74,20 \u20ac<\/strong><\/div>\n<div><strong>DELF B1 : 98,70 \u20ac<\/strong><\/div>\n<div><strong>DELF B2 : 117,60 \u20ac<\/strong><\/div>\n<div><\/div>\n<p><a href=\"https:\/\/delf-scolaire.cat\/\">INFORMACI\u00d3 SOBRE EL \u201cDELF SCOLAIRE\u201d A CATALUNYA CURS 2022\/2023<\/a><\/p>\n<p>Els alumnes tenen tota la informaci\u00f3 necess\u00e0ria al Classroom de la mat\u00e8ria.<\/p>\n<p>Per qualsevol dubte, us heu d&#8217;adre\u00e7ar a la professora de Franc\u00e8s B\u00e9a Ram\u00edrez.<\/p>\n<div><\/div>\n","protected":false},"excerpt":{"rendered":"<p><a href=\"https:\/\/agora.xtec.cat\/ieslajonquera\/wp-content\/uploads\/usu2014\/2021\/02\/DELF.png\"><\/a>Es tracta d&#8217;una prova oficial de franc\u00e8s que els alumnes preparen al centre des de la <a href=\"https:\/\/drive.google.com\/file\/d\/1h-WL6PgYhKQI1RMGxXGg7G9PgNzn2Gj9\/view?usp=sharing\">mat\u00e8ria optativa Franc\u00e8s <\/a>a 4t d&#8217;ESO i a Batxibac.<br \/>\nPROC\u00c9S DE PREINSCRIPCI\u00d3 I MATRICULACI\u00d3<br \/>\n\u2022 Preinscripci\u00f3 DELF scolaire 2023: Del 12 de desembre 2022 al\u00a029 de gener 2023<br \/>\n\u2022 Matriculaci\u00f3&hellip;  <a href=\"https:\/\/agora.xtec.cat\/ieslajonquera\/general\/comenca-el-periode-de-preinscripcio-del-delf-2\/\" title=\"Read Comen\u00e7a el per\u00edode de preinscripci\u00f3 del DELF\">Llegeix m\u00e9s\u00bb<\/a><\/p>\n","protected":false},"author":3,"featured_media":2535,"comment_status":"open","ping_status":"closed","sticky":false,"template":"","format":"standard","meta":{"_bbp_topic_count":0,"_bbp_reply_count":0,"_bbp_total_topic_count":0,"_bbp_total_reply_count":0,"_bbp_voice_count":0,"_bbp_anonymous_reply_count":0,"_bbp_topic_count_hidden":0,"_bbp_reply_count_hidden":0,"_bbp_forum_subforum_count":0,"footnotes":""},"categories":[1],"tags":[129],"class_list":["post-4362","post","type-post","status-publish","format-standard","has-post-thumbnail","hentry","category-general","tag-frances"],"post_mailing_queue_ids":[],"_links":{"self":[{"href":"https:\/\/agora.xtec.cat\/ieslajonquera\/wp-json\/wp\/v2\/posts\/4362","targetHints":{"allow":["GET"]}}],"collection":[{"href":"https:\/\/agora.xtec.cat\/ieslajonquera\/wp-json\/wp\/v2\/posts"}],"about":[{"href":"https:\/\/agora.xtec.cat\/ieslajonquera\/wp-json\/wp\/v2\/types\/post"}],"author":[{"embeddable":true,"href":"https:\/\/agora.xtec.cat\/ieslajonquera\/wp-json\/wp\/v2\/users\/3"}],"replies":[{"embeddable":true,"href":"https:\/\/agora.xtec.cat\/ieslajonquera\/wp-json\/wp\/v2\/comments?post=4362"}],"version-history":[{"count":1,"href":"https:\/\/agora.xtec.cat\/ieslajonquera\/wp-json\/wp\/v2\/posts\/4362\/revisions"}],"predecessor-version":[{"id":4363,"href":"https:\/\/agora.xtec.cat\/ieslajonquera\/wp-json\/wp\/v2\/posts\/4362\/revisions\/4363"}],"wp:featuredmedia":[{"embeddable":true,"href":"https:\/\/agora.xtec.cat\/ieslajonquera\/wp-json\/wp\/v2\/media\/2535"}],"wp:attachment":[{"href":"https:\/\/agora.xtec.cat\/ieslajonquera\/wp-json\/wp\/v2\/media?parent=4362"}],"wp:term":[{"taxonomy":"category","embeddable":true,"href":"https:\/\/agora.xtec.cat\/ieslajonquera\/wp-json\/wp\/v2\/categories?post=4362"},{"taxonomy":"post_tag","embeddable":true,"href":"https:\/\/agora.xtec.cat\/ieslajonquera\/wp-json\/wp\/v2\/tags?post=4362"}],"curies":[{"name":"wp","href":"https:\/\/api.w.org\/{rel}","templated":true}]}}