{"id":4345,"date":"2023-01-06T19:31:58","date_gmt":"2023-01-06T18:31:58","guid":{"rendered":"https:\/\/agora.xtec.cat\/ieslajonquera\/?p=4345"},"modified":"2023-01-06T19:31:58","modified_gmt":"2023-01-06T18:31:58","slug":"commercium-epistularum-a-4t-deso-a-llati","status":"publish","type":"post","link":"https:\/\/agora.xtec.cat\/ieslajonquera\/general\/commercium-epistularum-a-4t-deso-a-llati\/","title":{"rendered":"Commercium Epistularum a 4t d&#8217;ESO, a Llat\u00ed"},"content":{"rendered":"<p style=\"text-align: justify;\"><a href=\"https:\/\/agora.xtec.cat\/ieslajonquera\/wp-content\/uploads\/usu2014\/2023\/01\/IMG-20221216-WA0000.jpg\"><img loading=\"lazy\" decoding=\"async\" class=\"size-medium wp-image-4346 alignleft\" src=\"https:\/\/agora.xtec.cat\/ieslajonquera\/wp-content\/uploads\/usu2014\/2023\/01\/IMG-20221216-WA0000-225x300.jpg\" alt=\"\" width=\"225\" height=\"300\" srcset=\"https:\/\/agora.xtec.cat\/ieslajonquera\/wp-content\/uploads\/usu2014\/2023\/01\/IMG-20221216-WA0000-225x300.jpg 225w, https:\/\/agora.xtec.cat\/ieslajonquera\/wp-content\/uploads\/usu2014\/2023\/01\/IMG-20221216-WA0000-769x1024.jpg 769w, https:\/\/agora.xtec.cat\/ieslajonquera\/wp-content\/uploads\/usu2014\/2023\/01\/IMG-20221216-WA0000-768x1023.jpg 768w, https:\/\/agora.xtec.cat\/ieslajonquera\/wp-content\/uploads\/usu2014\/2023\/01\/IMG-20221216-WA0000-1153x1536.jpg 1153w, https:\/\/agora.xtec.cat\/ieslajonquera\/wp-content\/uploads\/usu2014\/2023\/01\/IMG-20221216-WA0000.jpg 1537w\" sizes=\"auto, (max-width: 225px) 100vw, 225px\" \/><\/a><a href=\"https:\/\/agora.xtec.cat\/ieslajonquera\/wp-content\/uploads\/usu2014\/2023\/01\/Screenshot_20230106_193015_Instagram.jpg\"><img loading=\"lazy\" decoding=\"async\" class=\"size-medium wp-image-4347 alignleft\" src=\"https:\/\/agora.xtec.cat\/ieslajonquera\/wp-content\/uploads\/usu2014\/2023\/01\/Screenshot_20230106_193015_Instagram-300x300.jpg\" alt=\"\" width=\"300\" height=\"300\" srcset=\"https:\/\/agora.xtec.cat\/ieslajonquera\/wp-content\/uploads\/usu2014\/2023\/01\/Screenshot_20230106_193015_Instagram-300x300.jpg 300w, https:\/\/agora.xtec.cat\/ieslajonquera\/wp-content\/uploads\/usu2014\/2023\/01\/Screenshot_20230106_193015_Instagram-1024x1022.jpg 1024w, https:\/\/agora.xtec.cat\/ieslajonquera\/wp-content\/uploads\/usu2014\/2023\/01\/Screenshot_20230106_193015_Instagram-150x150.jpg 150w, https:\/\/agora.xtec.cat\/ieslajonquera\/wp-content\/uploads\/usu2014\/2023\/01\/Screenshot_20230106_193015_Instagram-768x767.jpg 768w, https:\/\/agora.xtec.cat\/ieslajonquera\/wp-content\/uploads\/usu2014\/2023\/01\/Screenshot_20230106_193015_Instagram.jpg 1080w\" sizes=\"auto, (max-width: 300px) 100vw, 300px\" \/><\/a>Aquest \u00e9s el primer any que el nostre centre participa al projecte <i>Commercium Epistularum. <\/i>Aquest projecte consisteix a emparellar alumnes de diferents centres durant el mes de desembre, abans d\u2019anar de vacances, i escriure una postal de Nadal en llat\u00ed.<\/p>\n<p style=\"text-align: justify;\">La iniciativa presenta la possibilitat de fer xarxa entre els diferents alumnes de llat\u00ed de Catalunya per tal que es coneguin i practiquin una llengua que a vegades pensen que nom\u00e9s usen a classe.<\/p>\n<p style=\"text-align: justify;\">Als alumnes de llat\u00ed de 4t d&#8217;ESO del nostre institut els han tocat els estudiants de llat\u00ed de 4t de l&#8217;INS La Bastida de Santa Coloma de Gramenet. Esperem que d&#8217;aqu\u00ed en pugui sorgir una bona amistat!<\/p>\n<p style=\"text-align: justify;\"><i>Per litteras ad amicitiam et Felix Nativitas!<\/i><\/p>\n","protected":false},"excerpt":{"rendered":"<p><a href=\"https:\/\/agora.xtec.cat\/ieslajonquera\/wp-content\/uploads\/usu2014\/2023\/01\/IMG-20221216-WA0000.jpg\"><\/a><a href=\"https:\/\/agora.xtec.cat\/ieslajonquera\/wp-content\/uploads\/usu2014\/2023\/01\/Screenshot_20230106_193015_Instagram.jpg\"><\/a>Aquest \u00e9s el primer any que el nostre centre participa al projecte Commercium Epistularum. Aquest projecte consisteix a emparellar alumnes de diferents centres durant el mes de desembre, abans d\u2019anar de vacances, i escriure una postal de Nadal en llat\u00ed.<br \/>\nLa iniciativa presenta la&hellip;  <a href=\"https:\/\/agora.xtec.cat\/ieslajonquera\/general\/commercium-epistularum-a-4t-deso-a-llati\/\" title=\"Read Commercium Epistularum a 4t d&#8217;ESO, a Llat\u00ed\">Llegeix m\u00e9s\u00bb<\/a><\/p>\n","protected":false},"author":3,"featured_media":4347,"comment_status":"open","ping_status":"closed","sticky":false,"template":"","format":"standard","meta":{"_bbp_topic_count":0,"_bbp_reply_count":0,"_bbp_total_topic_count":0,"_bbp_total_reply_count":0,"_bbp_voice_count":0,"_bbp_anonymous_reply_count":0,"_bbp_topic_count_hidden":0,"_bbp_reply_count_hidden":0,"_bbp_forum_subforum_count":0,"footnotes":""},"categories":[7,3,1],"tags":[168],"class_list":["post-4345","post","type-post","status-publish","format-standard","has-post-thumbnail","hentry","category-eso-4","category-eso","category-general","tag-llati"],"post_mailing_queue_ids":[],"_links":{"self":[{"href":"https:\/\/agora.xtec.cat\/ieslajonquera\/wp-json\/wp\/v2\/posts\/4345","targetHints":{"allow":["GET"]}}],"collection":[{"href":"https:\/\/agora.xtec.cat\/ieslajonquera\/wp-json\/wp\/v2\/posts"}],"about":[{"href":"https:\/\/agora.xtec.cat\/ieslajonquera\/wp-json\/wp\/v2\/types\/post"}],"author":[{"embeddable":true,"href":"https:\/\/agora.xtec.cat\/ieslajonquera\/wp-json\/wp\/v2\/users\/3"}],"replies":[{"embeddable":true,"href":"https:\/\/agora.xtec.cat\/ieslajonquera\/wp-json\/wp\/v2\/comments?post=4345"}],"version-history":[{"count":1,"href":"https:\/\/agora.xtec.cat\/ieslajonquera\/wp-json\/wp\/v2\/posts\/4345\/revisions"}],"predecessor-version":[{"id":4348,"href":"https:\/\/agora.xtec.cat\/ieslajonquera\/wp-json\/wp\/v2\/posts\/4345\/revisions\/4348"}],"wp:featuredmedia":[{"embeddable":true,"href":"https:\/\/agora.xtec.cat\/ieslajonquera\/wp-json\/wp\/v2\/media\/4347"}],"wp:attachment":[{"href":"https:\/\/agora.xtec.cat\/ieslajonquera\/wp-json\/wp\/v2\/media?parent=4345"}],"wp:term":[{"taxonomy":"category","embeddable":true,"href":"https:\/\/agora.xtec.cat\/ieslajonquera\/wp-json\/wp\/v2\/categories?post=4345"},{"taxonomy":"post_tag","embeddable":true,"href":"https:\/\/agora.xtec.cat\/ieslajonquera\/wp-json\/wp\/v2\/tags?post=4345"}],"curies":[{"name":"wp","href":"https:\/\/api.w.org\/{rel}","templated":true}]}}