{"id":4332,"date":"2022-12-18T22:57:13","date_gmt":"2022-12-18T21:57:13","guid":{"rendered":"https:\/\/agora.xtec.cat\/ieslajonquera\/?p=4332"},"modified":"2022-12-18T22:57:13","modified_gmt":"2022-12-18T21:57:13","slug":"lins-de-la-jonquera-amb-la-marato-de-tv3","status":"publish","type":"post","link":"https:\/\/agora.xtec.cat\/ieslajonquera\/general\/lins-de-la-jonquera-amb-la-marato-de-tv3\/","title":{"rendered":"L&#8217;INS de la Jonquera amb La Marat\u00f3 de TV3"},"content":{"rendered":"<p><a href=\"https:\/\/agora.xtec.cat\/ieslajonquera\/wp-content\/uploads\/usu2014\/2022\/12\/IMG_20221216_215021_920-scaled.jpg\"><img loading=\"lazy\" decoding=\"async\" class=\"size-medium wp-image-4333 alignleft\" src=\"https:\/\/agora.xtec.cat\/ieslajonquera\/wp-content\/uploads\/usu2014\/2022\/12\/IMG_20221216_215021_920-300x300.jpg\" alt=\"\" width=\"300\" height=\"300\" srcset=\"https:\/\/agora.xtec.cat\/ieslajonquera\/wp-content\/uploads\/usu2014\/2022\/12\/IMG_20221216_215021_920-300x300.jpg 300w, https:\/\/agora.xtec.cat\/ieslajonquera\/wp-content\/uploads\/usu2014\/2022\/12\/IMG_20221216_215021_920-1024x1024.jpg 1024w, https:\/\/agora.xtec.cat\/ieslajonquera\/wp-content\/uploads\/usu2014\/2022\/12\/IMG_20221216_215021_920-150x150.jpg 150w, https:\/\/agora.xtec.cat\/ieslajonquera\/wp-content\/uploads\/usu2014\/2022\/12\/IMG_20221216_215021_920-768x768.jpg 768w, https:\/\/agora.xtec.cat\/ieslajonquera\/wp-content\/uploads\/usu2014\/2022\/12\/IMG_20221216_215021_920-1536x1536.jpg 1536w, https:\/\/agora.xtec.cat\/ieslajonquera\/wp-content\/uploads\/usu2014\/2022\/12\/IMG_20221216_215021_920-2048x2048.jpg 2048w\" sizes=\"auto, (max-width: 300px) 100vw, 300px\" \/><\/a>Com cada any, l&#8217;alumnat participa en la campanya de M\u00fatua General de Catalunya &#8220;Un origami, un euro&#8221; en qu\u00e8 l&#8217;entitat dona a La Marat\u00f3 de TV un euro per cada grua d&#8217;origami lliurada pel centre. Des del PFI d&#8217;Auxiliar de vendes han fet un <a href=\"https:\/\/drive.google.com\/file\/d\/1nDFhExMjQs4p2iJkpx6_Ptg6jqFh37CQ\/view?usp=share_link\">v\u00eddeo<\/a> per explicar-ne el proc\u00e9s d&#8217;elaboraci\u00f3.<\/p>\n<p>A m\u00e9s a m\u00e9s, tots els cursos d&#8217;ESO i Batxillerat han assistit a la xerrada sobre la salut cardiovascular que va tenir lloc a l&#8217;institut el passat dijous.<\/p>\n","protected":false},"excerpt":{"rendered":"<p><a href=\"https:\/\/agora.xtec.cat\/ieslajonquera\/wp-content\/uploads\/usu2014\/2022\/12\/IMG_20221216_215021_920-scaled.jpg\"><\/a>Com cada any, l&#8217;alumnat participa en la campanya de M\u00fatua General de Catalunya &#8220;Un origami, un euro&#8221; en qu\u00e8 l&#8217;entitat dona a La Marat\u00f3 de TV un euro per cada grua d&#8217;origami lliurada pel centre. Des del PFI d&#8217;Auxiliar de vendes han fet un&hellip;  <a href=\"https:\/\/agora.xtec.cat\/ieslajonquera\/general\/lins-de-la-jonquera-amb-la-marato-de-tv3\/\" title=\"Read L&#8217;INS de la Jonquera amb La Marat\u00f3 de TV3\">Llegeix m\u00e9s\u00bb<\/a><\/p>\n","protected":false},"author":3,"featured_media":4333,"comment_status":"open","ping_status":"closed","sticky":false,"template":"","format":"standard","meta":{"_bbp_topic_count":0,"_bbp_reply_count":0,"_bbp_total_topic_count":0,"_bbp_total_reply_count":0,"_bbp_voice_count":0,"_bbp_anonymous_reply_count":0,"_bbp_topic_count_hidden":0,"_bbp_reply_count_hidden":0,"_bbp_forum_subforum_count":0,"footnotes":""},"categories":[3,1,156],"tags":[127,122],"class_list":["post-4332","post","type-post","status-publish","format-standard","has-post-thumbnail","hentry","category-eso","category-general","category-pfi","tag-solidaritat","tag-valors"],"post_mailing_queue_ids":[],"_links":{"self":[{"href":"https:\/\/agora.xtec.cat\/ieslajonquera\/wp-json\/wp\/v2\/posts\/4332","targetHints":{"allow":["GET"]}}],"collection":[{"href":"https:\/\/agora.xtec.cat\/ieslajonquera\/wp-json\/wp\/v2\/posts"}],"about":[{"href":"https:\/\/agora.xtec.cat\/ieslajonquera\/wp-json\/wp\/v2\/types\/post"}],"author":[{"embeddable":true,"href":"https:\/\/agora.xtec.cat\/ieslajonquera\/wp-json\/wp\/v2\/users\/3"}],"replies":[{"embeddable":true,"href":"https:\/\/agora.xtec.cat\/ieslajonquera\/wp-json\/wp\/v2\/comments?post=4332"}],"version-history":[{"count":1,"href":"https:\/\/agora.xtec.cat\/ieslajonquera\/wp-json\/wp\/v2\/posts\/4332\/revisions"}],"predecessor-version":[{"id":4334,"href":"https:\/\/agora.xtec.cat\/ieslajonquera\/wp-json\/wp\/v2\/posts\/4332\/revisions\/4334"}],"wp:featuredmedia":[{"embeddable":true,"href":"https:\/\/agora.xtec.cat\/ieslajonquera\/wp-json\/wp\/v2\/media\/4333"}],"wp:attachment":[{"href":"https:\/\/agora.xtec.cat\/ieslajonquera\/wp-json\/wp\/v2\/media?parent=4332"}],"wp:term":[{"taxonomy":"category","embeddable":true,"href":"https:\/\/agora.xtec.cat\/ieslajonquera\/wp-json\/wp\/v2\/categories?post=4332"},{"taxonomy":"post_tag","embeddable":true,"href":"https:\/\/agora.xtec.cat\/ieslajonquera\/wp-json\/wp\/v2\/tags?post=4332"}],"curies":[{"name":"wp","href":"https:\/\/api.w.org\/{rel}","templated":true}]}}