{"id":4319,"date":"2022-12-03T08:47:22","date_gmt":"2022-12-03T07:47:22","guid":{"rendered":"https:\/\/agora.xtec.cat\/ieslajonquera\/?p=4319"},"modified":"2022-12-03T08:47:22","modified_gmt":"2022-12-03T07:47:22","slug":"microprojecte-decorem-el-carrer-comercial-de-la-jonquera-al-pfi","status":"publish","type":"post","link":"https:\/\/agora.xtec.cat\/ieslajonquera\/general\/microprojecte-decorem-el-carrer-comercial-de-la-jonquera-al-pfi\/","title":{"rendered":"Microprojecte &#8220;Decorem el carrer comercial de La Jonquera&#8221; al PFI"},"content":{"rendered":"<p dir=\"auto\" style=\"text-align: justify;\"><a href=\"https:\/\/agora.xtec.cat\/ieslajonquera\/wp-content\/uploads\/usu2014\/2022\/12\/Screenshot_20221203_084526.jpg\"><img loading=\"lazy\" decoding=\"async\" class=\"size-medium wp-image-4320 alignleft\" src=\"https:\/\/agora.xtec.cat\/ieslajonquera\/wp-content\/uploads\/usu2014\/2022\/12\/Screenshot_20221203_084526-240x300.jpg\" alt=\"\" width=\"240\" height=\"300\" srcset=\"https:\/\/agora.xtec.cat\/ieslajonquera\/wp-content\/uploads\/usu2014\/2022\/12\/Screenshot_20221203_084526-240x300.jpg 240w, https:\/\/agora.xtec.cat\/ieslajonquera\/wp-content\/uploads\/usu2014\/2022\/12\/Screenshot_20221203_084526-818x1024.jpg 818w, https:\/\/agora.xtec.cat\/ieslajonquera\/wp-content\/uploads\/usu2014\/2022\/12\/Screenshot_20221203_084526-768x961.jpg 768w, https:\/\/agora.xtec.cat\/ieslajonquera\/wp-content\/uploads\/usu2014\/2022\/12\/Screenshot_20221203_084526.jpg 1079w\" sizes=\"auto, (max-width: 240px) 100vw, 240px\" \/><\/a>L&#8217;alumnat del PFI de La Jonquera ha estat treballant aquest primer trimestre juntament amb l&#8217;Ajuntament de La Jonquera i l&#8217;Associaci\u00f3 de comerciants.<\/p>\n<p dir=\"auto\" style=\"text-align: justify;\">L&#8217;alumnat daquest perfil de Vendes, Oficina i atenci\u00f3 al p\u00fablic ha de treballar al voltant d&#8217;un microprojecte i es va pensar en la idea de fer una decoraci\u00f3 nadalenca i col\u00b7laborar amb el propi poble. Entre tots es va decidir fer aquests arbres i aprofitar caixes de cartr\u00f3, ja que al poble cada dia se&#8217;n llencen moltes. L&#8217;alumnat va anar a recollir-les als supermercats prop del centre i va aprendre a embolicar-les i a decorar un arbre nadalenc.<\/p>\n<p dir=\"auto\">Aquesta \u00e9s la <a href=\"http:\/\/www.lajonquera.cat\/promocio-variable\/els-establiments-jonquerencs-estrenen-una-bonica-decoracio-nadalenca\/\">not\u00edcia<\/a> que va publicar l&#8217;Ajuntament de la Jonquera sobre la iniciativa.<\/p>\n","protected":false},"excerpt":{"rendered":"<p><a href=\"https:\/\/agora.xtec.cat\/ieslajonquera\/wp-content\/uploads\/usu2014\/2022\/12\/Screenshot_20221203_084526.jpg\"><\/a>L&#8217;alumnat del PFI de La Jonquera ha estat treballant aquest primer trimestre juntament amb l&#8217;Ajuntament de La Jonquera i l&#8217;Associaci\u00f3 de comerciants.<br \/>\nL&#8217;alumnat daquest perfil de Vendes, Oficina i atenci\u00f3 al p\u00fablic ha de treballar al voltant d&#8217;un microprojecte i es va pensar en la&hellip;  <a href=\"https:\/\/agora.xtec.cat\/ieslajonquera\/general\/microprojecte-decorem-el-carrer-comercial-de-la-jonquera-al-pfi\/\" title=\"Read Microprojecte &#8220;Decorem el carrer comercial de La Jonquera&#8221; al PFI\">Llegeix m\u00e9s\u00bb<\/a><\/p>\n","protected":false},"author":3,"featured_media":4320,"comment_status":"open","ping_status":"closed","sticky":false,"template":"","format":"standard","meta":{"_bbp_topic_count":0,"_bbp_reply_count":0,"_bbp_total_topic_count":0,"_bbp_total_reply_count":0,"_bbp_voice_count":0,"_bbp_anonymous_reply_count":0,"_bbp_topic_count_hidden":0,"_bbp_reply_count_hidden":0,"_bbp_forum_subforum_count":0,"footnotes":""},"categories":[1,156],"tags":[162],"class_list":["post-4319","post","type-post","status-publish","format-standard","has-post-thumbnail","hentry","category-general","category-pfi","tag-pfi"],"post_mailing_queue_ids":[],"_links":{"self":[{"href":"https:\/\/agora.xtec.cat\/ieslajonquera\/wp-json\/wp\/v2\/posts\/4319","targetHints":{"allow":["GET"]}}],"collection":[{"href":"https:\/\/agora.xtec.cat\/ieslajonquera\/wp-json\/wp\/v2\/posts"}],"about":[{"href":"https:\/\/agora.xtec.cat\/ieslajonquera\/wp-json\/wp\/v2\/types\/post"}],"author":[{"embeddable":true,"href":"https:\/\/agora.xtec.cat\/ieslajonquera\/wp-json\/wp\/v2\/users\/3"}],"replies":[{"embeddable":true,"href":"https:\/\/agora.xtec.cat\/ieslajonquera\/wp-json\/wp\/v2\/comments?post=4319"}],"version-history":[{"count":1,"href":"https:\/\/agora.xtec.cat\/ieslajonquera\/wp-json\/wp\/v2\/posts\/4319\/revisions"}],"predecessor-version":[{"id":4321,"href":"https:\/\/agora.xtec.cat\/ieslajonquera\/wp-json\/wp\/v2\/posts\/4319\/revisions\/4321"}],"wp:featuredmedia":[{"embeddable":true,"href":"https:\/\/agora.xtec.cat\/ieslajonquera\/wp-json\/wp\/v2\/media\/4320"}],"wp:attachment":[{"href":"https:\/\/agora.xtec.cat\/ieslajonquera\/wp-json\/wp\/v2\/media?parent=4319"}],"wp:term":[{"taxonomy":"category","embeddable":true,"href":"https:\/\/agora.xtec.cat\/ieslajonquera\/wp-json\/wp\/v2\/categories?post=4319"},{"taxonomy":"post_tag","embeddable":true,"href":"https:\/\/agora.xtec.cat\/ieslajonquera\/wp-json\/wp\/v2\/tags?post=4319"}],"curies":[{"name":"wp","href":"https:\/\/api.w.org\/{rel}","templated":true}]}}