{"id":4312,"date":"2022-12-03T08:28:45","date_gmt":"2022-12-03T07:28:45","guid":{"rendered":"https:\/\/agora.xtec.cat\/ieslajonquera\/?p=4312"},"modified":"2022-12-03T08:28:45","modified_gmt":"2022-12-03T07:28:45","slug":"xix-trobada-descoles-verdes","status":"publish","type":"post","link":"https:\/\/agora.xtec.cat\/ieslajonquera\/general\/xix-trobada-descoles-verdes\/","title":{"rendered":"XIX Trobada d&#8217;Escoles Verdes"},"content":{"rendered":"<p><a href=\"https:\/\/agora.xtec.cat\/ieslajonquera\/wp-content\/uploads\/usu2014\/2022\/12\/image003.png\"><img loading=\"lazy\" decoding=\"async\" class=\" wp-image-4313 alignleft\" src=\"https:\/\/agora.xtec.cat\/ieslajonquera\/wp-content\/uploads\/usu2014\/2022\/12\/image003-300x150.png\" alt=\"\" width=\"426\" height=\"213\" srcset=\"https:\/\/agora.xtec.cat\/ieslajonquera\/wp-content\/uploads\/usu2014\/2022\/12\/image003-300x150.png 300w, https:\/\/agora.xtec.cat\/ieslajonquera\/wp-content\/uploads\/usu2014\/2022\/12\/image003.png 547w\" sizes=\"auto, (max-width: 426px) 100vw, 426px\" \/><\/a>El passat dissabte dia 26 de novembre de 2022 es va celebrar a Barcelona la XIX Trobada d\u2019Escoles Verdes en qu\u00e8 es va fer el lliurament de distintius als centres que han esdevingut &#8220;Escola Verda&#8221; el curs 2021-2022.<\/p>\n<p>A continuaci\u00f3 podeu veure:<\/p>\n<ul>\n<li>La not\u00edcia de la web on surt l\u2019entrega de distintius de 2022: <a href=\"https:\/\/mediambient.gencat.cat\/ca\/05_ambits_dactuacio\/educacio_i_sostenibilitat\/educacio_per_a_la_sostenibilitat\/escoles_verdes\/que-ofereix\/reconeixement\/distintiu-escola-verda\/index.html\" data-saferedirecturl=\"https:\/\/www.google.com\/url?q=https:\/\/mediambient.gencat.cat\/ca\/05_ambits_dactuacio\/educacio_i_sostenibilitat\/educacio_per_a_la_sostenibilitat\/escoles_verdes\/que-ofereix\/reconeixement\/distintiu-escola-verda\/index.html&amp;source=gmail&amp;ust=1670138419245000&amp;usg=AOvVaw3UkJQz50lmkg2Hmcp3wugp\"> https:\/\/mediambient.gencat.cat\/ca\/05_ambits_dactuacio\/educacio_i_sostenibilitat\/educacio_per_a_la_sostenibilitat\/escoles_verdes\/que-ofereix\/reconeixement\/distintiu-escola-verda\/index.html<\/a><\/li>\n<li>La not\u00edcia de la web on surt el Premi Escoles Verdes 2022 i on podeu veure els v\u00eddeos dels premiats i de la menci\u00f3: <a href=\"https:\/\/mediambient.gencat.cat\/ca\/05_ambits_dactuacio\/educacio_i_sostenibilitat\/premis\/premi_escoles_verdes\/premiats-2022\/index.html#\" data-saferedirecturl=\"https:\/\/www.google.com\/url?q=https:\/\/mediambient.gencat.cat\/ca\/05_ambits_dactuacio\/educacio_i_sostenibilitat\/premis\/premi_escoles_verdes\/premiats-2022\/index.html%23&amp;source=gmail&amp;ust=1670138419245000&amp;usg=AOvVaw22rydglHmtepfABnivz9zb\"> https:\/\/mediambient.gencat.cat\/ca\/05_ambits_dactuacio\/educacio_i_sostenibilitat\/premis\/premi_escoles_verdes\/premiats-2022\/index.html#<\/a><\/li>\n<\/ul>\n","protected":false},"excerpt":{"rendered":"<p><a href=\"https:\/\/agora.xtec.cat\/ieslajonquera\/wp-content\/uploads\/usu2014\/2022\/12\/image003.png\"><\/a>El passat dissabte dia 26 de novembre de 2022 es va celebrar a Barcelona la XIX Trobada d\u2019Escoles Verdes en qu\u00e8 es va fer el lliurament de distintius als centres que han esdevingut &#8220;Escola Verda&#8221; el curs 2021-2022.<br \/>\nA continuaci\u00f3 podeu veure:<\/p>\n<ul>\n<li>La not\u00edcia de la&hellip;  <a href=\"https:\/\/agora.xtec.cat\/ieslajonquera\/general\/xix-trobada-descoles-verdes\/\" title=\"Read XIX Trobada d&#8217;Escoles Verdes\">Llegeix m\u00e9s\u00bb<\/a><br \/>\n","protected":false},"author":3,"featured_media":4313,"comment_status":"open","ping_status":"closed","sticky":false,"template":"","format":"standard","meta":{"_bbp_topic_count":0,"_bbp_reply_count":0,"_bbp_total_topic_count":0,"_bbp_total_reply_count":0,"_bbp_voice_count":0,"_bbp_anonymous_reply_count":0,"_bbp_topic_count_hidden":0,"_bbp_reply_count_hidden":0,"_bbp_forum_subforum_count":0,"footnotes":""},"categories":[1],"tags":[157],"class_list":["post-4312","post","type-post","status-publish","format-standard","has-post-thumbnail","hentry","category-general","tag-escola-verda"],"post_mailing_queue_ids":[],"_links":{"self":[{"href":"https:\/\/agora.xtec.cat\/ieslajonquera\/wp-json\/wp\/v2\/posts\/4312","targetHints":{"allow":["GET"]}}],"collection":[{"href":"https:\/\/agora.xtec.cat\/ieslajonquera\/wp-json\/wp\/v2\/posts"}],"about":[{"href":"https:\/\/agora.xtec.cat\/ieslajonquera\/wp-json\/wp\/v2\/types\/post"}],"author":[{"embeddable":true,"href":"https:\/\/agora.xtec.cat\/ieslajonquera\/wp-json\/wp\/v2\/users\/3"}],"replies":[{"embeddable":true,"href":"https:\/\/agora.xtec.cat\/ieslajonquera\/wp-json\/wp\/v2\/comments?post=4312"}],"version-history":[{"count":1,"href":"https:\/\/agora.xtec.cat\/ieslajonquera\/wp-json\/wp\/v2\/posts\/4312\/revisions"}],"predecessor-version":[{"id":4314,"href":"https:\/\/agora.xtec.cat\/ieslajonquera\/wp-json\/wp\/v2\/posts\/4312\/revisions\/4314"}],"wp:featuredmedia":[{"embeddable":true,"href":"https:\/\/agora.xtec.cat\/ieslajonquera\/wp-json\/wp\/v2\/media\/4313"}],"wp:attachment":[{"href":"https:\/\/agora.xtec.cat\/ieslajonquera\/wp-json\/wp\/v2\/media?parent=4312"}],"wp:term":[{"taxonomy":"category","embeddable":true,"href":"https:\/\/agora.xtec.cat\/ieslajonquera\/wp-json\/wp\/v2\/categories?post=4312"},{"taxonomy":"post_tag","embeddable":true,"href":"https:\/\/agora.xtec.cat\/ieslajonquera\/wp-json\/wp\/v2\/tags?post=4312"}],"curies":[{"name":"wp","href":"https:\/\/api.w.org\/{rel}","templated":true}]}}