{"id":4308,"date":"2022-12-03T08:10:01","date_gmt":"2022-12-03T07:10:01","guid":{"rendered":"https:\/\/agora.xtec.cat\/ieslajonquera\/?p=4308"},"modified":"2022-12-03T08:10:30","modified_gmt":"2022-12-03T07:10:30","slug":"xerrada-sobre-el-grafic-a-laula-dacollida","status":"publish","type":"post","link":"https:\/\/agora.xtec.cat\/ieslajonquera\/general\/xerrada-sobre-el-grafic-a-laula-dacollida\/","title":{"rendered":"Xerrada sobre el GR\u00c0FIC a l&#8217;Aula d&#8217;Acollida"},"content":{"rendered":"<p style=\"text-align: justify;\"><a href=\"https:\/\/agora.xtec.cat\/ieslajonquera\/wp-content\/uploads\/usu2014\/2022\/12\/20221128_1213191.jpg\"><img loading=\"lazy\" decoding=\"async\" class=\"size-medium wp-image-4309 alignleft\" src=\"https:\/\/agora.xtec.cat\/ieslajonquera\/wp-content\/uploads\/usu2014\/2022\/12\/20221128_1213191-300x225.jpg\" alt=\"\" width=\"300\" height=\"225\" srcset=\"https:\/\/agora.xtec.cat\/ieslajonquera\/wp-content\/uploads\/usu2014\/2022\/12\/20221128_1213191-300x225.jpg 300w, https:\/\/agora.xtec.cat\/ieslajonquera\/wp-content\/uploads\/usu2014\/2022\/12\/20221128_1213191-768x576.jpg 768w, https:\/\/agora.xtec.cat\/ieslajonquera\/wp-content\/uploads\/usu2014\/2022\/12\/20221128_1213191-200x150.jpg 200w, https:\/\/agora.xtec.cat\/ieslajonquera\/wp-content\/uploads\/usu2014\/2022\/12\/20221128_1213191.jpg 1024w\" sizes=\"auto, (max-width: 300px) 100vw, 300px\" \/><\/a>En Toni Pag\u00e8s, president de l&#8217;associaci\u00f3, GR\u00c0FIC (Grup d&#8217;Animaci\u00f3 de Festes i Correfocs de la Jonquera) de la Jonquera explica a l&#8217;alumnat de l&#8217;Aula d&#8217;Acollida en qu\u00e8 consisteixen les diferents colles que el formen: tambors, grallers, xanquers, gegants, trabucaires i diables, aix\u00ed com de quina manera s&#8217;hi poden vincular i els llocs i els horaris d&#8217;assaig.<\/p>\n","protected":false},"excerpt":{"rendered":"<p><a href=\"https:\/\/agora.xtec.cat\/ieslajonquera\/wp-content\/uploads\/usu2014\/2022\/12\/20221128_1213191.jpg\"><\/a>En Toni Pag\u00e8s, president de l&#8217;associaci\u00f3, GR\u00c0FIC (Grup d&#8217;Animaci\u00f3 de Festes i Correfocs de la Jonquera) de la Jonquera explica a l&#8217;alumnat de l&#8217;Aula d&#8217;Acollida en qu\u00e8 consisteixen les diferents colles que el formen: tambors, grallers, xanquers, gegants, trabucaires i diables, aix\u00ed com de&hellip;  <a href=\"https:\/\/agora.xtec.cat\/ieslajonquera\/general\/xerrada-sobre-el-grafic-a-laula-dacollida\/\" title=\"Read Xerrada sobre el GR\u00c0FIC a l&#8217;Aula d&#8217;Acollida\">Llegeix m\u00e9s\u00bb<\/a><\/p>\n","protected":false},"author":3,"featured_media":4309,"comment_status":"open","ping_status":"closed","sticky":false,"template":"","format":"standard","meta":{"_bbp_topic_count":0,"_bbp_reply_count":0,"_bbp_total_topic_count":0,"_bbp_total_reply_count":0,"_bbp_voice_count":0,"_bbp_anonymous_reply_count":0,"_bbp_topic_count_hidden":0,"_bbp_reply_count_hidden":0,"_bbp_forum_subforum_count":0,"footnotes":""},"categories":[3,1],"tags":[151,166],"class_list":["post-4308","post","type-post","status-publish","format-standard","has-post-thumbnail","hentry","category-eso","category-general","tag-aula-dacollida","tag-cultura"],"post_mailing_queue_ids":[],"_links":{"self":[{"href":"https:\/\/agora.xtec.cat\/ieslajonquera\/wp-json\/wp\/v2\/posts\/4308","targetHints":{"allow":["GET"]}}],"collection":[{"href":"https:\/\/agora.xtec.cat\/ieslajonquera\/wp-json\/wp\/v2\/posts"}],"about":[{"href":"https:\/\/agora.xtec.cat\/ieslajonquera\/wp-json\/wp\/v2\/types\/post"}],"author":[{"embeddable":true,"href":"https:\/\/agora.xtec.cat\/ieslajonquera\/wp-json\/wp\/v2\/users\/3"}],"replies":[{"embeddable":true,"href":"https:\/\/agora.xtec.cat\/ieslajonquera\/wp-json\/wp\/v2\/comments?post=4308"}],"version-history":[{"count":2,"href":"https:\/\/agora.xtec.cat\/ieslajonquera\/wp-json\/wp\/v2\/posts\/4308\/revisions"}],"predecessor-version":[{"id":4311,"href":"https:\/\/agora.xtec.cat\/ieslajonquera\/wp-json\/wp\/v2\/posts\/4308\/revisions\/4311"}],"wp:featuredmedia":[{"embeddable":true,"href":"https:\/\/agora.xtec.cat\/ieslajonquera\/wp-json\/wp\/v2\/media\/4309"}],"wp:attachment":[{"href":"https:\/\/agora.xtec.cat\/ieslajonquera\/wp-json\/wp\/v2\/media?parent=4308"}],"wp:term":[{"taxonomy":"category","embeddable":true,"href":"https:\/\/agora.xtec.cat\/ieslajonquera\/wp-json\/wp\/v2\/categories?post=4308"},{"taxonomy":"post_tag","embeddable":true,"href":"https:\/\/agora.xtec.cat\/ieslajonquera\/wp-json\/wp\/v2\/tags?post=4308"}],"curies":[{"name":"wp","href":"https:\/\/api.w.org\/{rel}","templated":true}]}}