{"id":4304,"date":"2022-12-03T08:01:44","date_gmt":"2022-12-03T07:01:44","guid":{"rendered":"https:\/\/agora.xtec.cat\/ieslajonquera\/?p=4304"},"modified":"2022-12-03T08:01:44","modified_gmt":"2022-12-03T07:01:44","slug":"participacio-del-centre-en-el-gran-recapte","status":"publish","type":"post","link":"https:\/\/agora.xtec.cat\/ieslajonquera\/general\/participacio-del-centre-en-el-gran-recapte\/","title":{"rendered":"Participaci\u00f3 del centre en el Gran Recapte"},"content":{"rendered":"<p style=\"text-align: justify;\"><a href=\"https:\/\/agora.xtec.cat\/ieslajonquera\/wp-content\/uploads\/usu2014\/2022\/12\/IMG_4993-scaled.jpg\"><img loading=\"lazy\" decoding=\"async\" class=\"size-medium wp-image-4306 alignleft\" src=\"https:\/\/agora.xtec.cat\/ieslajonquera\/wp-content\/uploads\/usu2014\/2022\/12\/IMG_4993-167x300.jpg\" alt=\"\" width=\"167\" height=\"300\" srcset=\"https:\/\/agora.xtec.cat\/ieslajonquera\/wp-content\/uploads\/usu2014\/2022\/12\/IMG_4993-167x300.jpg 167w, https:\/\/agora.xtec.cat\/ieslajonquera\/wp-content\/uploads\/usu2014\/2022\/12\/IMG_4993-569x1024.jpg 569w, https:\/\/agora.xtec.cat\/ieslajonquera\/wp-content\/uploads\/usu2014\/2022\/12\/IMG_4993-768x1382.jpg 768w, https:\/\/agora.xtec.cat\/ieslajonquera\/wp-content\/uploads\/usu2014\/2022\/12\/IMG_4993-853x1536.jpg 853w, https:\/\/agora.xtec.cat\/ieslajonquera\/wp-content\/uploads\/usu2014\/2022\/12\/IMG_4993-1138x2048.jpg 1138w, https:\/\/agora.xtec.cat\/ieslajonquera\/wp-content\/uploads\/usu2014\/2022\/12\/IMG_4993-scaled.jpg 1422w\" sizes=\"auto, (max-width: 167px) 100vw, 167px\" \/><\/a>Els alumnes de 4t d&#8217;ESO Paula R\u00edos, Merary Aceituno, Francesc Guti\u00e9rrez i Oriol Cea participen en el Gran Recapte d&#8217;Aliments al supermercat ALDI de Figueres des del Servei Comunitari.<\/p>\n<p style=\"text-align: justify;\">El <a href=\"https:\/\/www.granrecapte.com\/ca\/que-es-el-gran-recapte\/\">Gran Recapte<\/a> \u00e9s una campanya de recollida d&#8217;aliments clau per abastir els Bancs dels Aliments, ja que permet proveir-los de productes b\u00e0sics com la llet, l\u2019oli o les conserves per un per\u00edode aproximat de 3 mesos.<\/p>\n<p style=\"text-align: justify;\">El Servei Comunitari per a l&#8217;alumnat de secund\u00e0ria obligat\u00f2ria \u00e9s una acci\u00f3 educativa, en el marc del curr\u00edculum obligatori, que vol promoure que els alumnes experimentin i protagonitzin accions de comprom\u00eds c\u00edvic, aprenguin en l&#8217;exercici actiu de la ciutadania, i posin en joc els seus coneixements i capacitats al servei de la comunitat.<\/p>\n<p>&nbsp;<\/p>\n","protected":false},"excerpt":{"rendered":"<p><a href=\"https:\/\/agora.xtec.cat\/ieslajonquera\/wp-content\/uploads\/usu2014\/2022\/12\/IMG_4993-scaled.jpg\"><\/a>Els alumnes de 4t d&#8217;ESO Paula R\u00edos, Merary Aceituno, Francesc Guti\u00e9rrez i Oriol Cea participen en el Gran Recapte d&#8217;Aliments al supermercat ALDI de Figueres des del Servei Comunitari.<br \/>\nEl <a href=\"https:\/\/www.granrecapte.com\/ca\/que-es-el-gran-recapte\/\">Gran Recapte<\/a> \u00e9s una campanya de recollida d&#8217;aliments clau per abastir els Bancs dels&hellip;  <a href=\"https:\/\/agora.xtec.cat\/ieslajonquera\/general\/participacio-del-centre-en-el-gran-recapte\/\" title=\"Read Participaci\u00f3 del centre en el Gran Recapte\">Llegeix m\u00e9s\u00bb<\/a><\/p>\n","protected":false},"author":3,"featured_media":4306,"comment_status":"open","ping_status":"closed","sticky":false,"template":"","format":"standard","meta":{"_bbp_topic_count":0,"_bbp_reply_count":0,"_bbp_total_topic_count":0,"_bbp_total_reply_count":0,"_bbp_voice_count":0,"_bbp_anonymous_reply_count":0,"_bbp_topic_count_hidden":0,"_bbp_reply_count_hidden":0,"_bbp_forum_subforum_count":0,"footnotes":""},"categories":[7,3,1],"tags":[158,127,122],"class_list":["post-4304","post","type-post","status-publish","format-standard","has-post-thumbnail","hentry","category-eso-4","category-eso","category-general","tag-servei-comunitari","tag-solidaritat","tag-valors"],"post_mailing_queue_ids":[],"_links":{"self":[{"href":"https:\/\/agora.xtec.cat\/ieslajonquera\/wp-json\/wp\/v2\/posts\/4304","targetHints":{"allow":["GET"]}}],"collection":[{"href":"https:\/\/agora.xtec.cat\/ieslajonquera\/wp-json\/wp\/v2\/posts"}],"about":[{"href":"https:\/\/agora.xtec.cat\/ieslajonquera\/wp-json\/wp\/v2\/types\/post"}],"author":[{"embeddable":true,"href":"https:\/\/agora.xtec.cat\/ieslajonquera\/wp-json\/wp\/v2\/users\/3"}],"replies":[{"embeddable":true,"href":"https:\/\/agora.xtec.cat\/ieslajonquera\/wp-json\/wp\/v2\/comments?post=4304"}],"version-history":[{"count":2,"href":"https:\/\/agora.xtec.cat\/ieslajonquera\/wp-json\/wp\/v2\/posts\/4304\/revisions"}],"predecessor-version":[{"id":4307,"href":"https:\/\/agora.xtec.cat\/ieslajonquera\/wp-json\/wp\/v2\/posts\/4304\/revisions\/4307"}],"wp:featuredmedia":[{"embeddable":true,"href":"https:\/\/agora.xtec.cat\/ieslajonquera\/wp-json\/wp\/v2\/media\/4306"}],"wp:attachment":[{"href":"https:\/\/agora.xtec.cat\/ieslajonquera\/wp-json\/wp\/v2\/media?parent=4304"}],"wp:term":[{"taxonomy":"category","embeddable":true,"href":"https:\/\/agora.xtec.cat\/ieslajonquera\/wp-json\/wp\/v2\/categories?post=4304"},{"taxonomy":"post_tag","embeddable":true,"href":"https:\/\/agora.xtec.cat\/ieslajonquera\/wp-json\/wp\/v2\/tags?post=4304"}],"curies":[{"name":"wp","href":"https:\/\/api.w.org\/{rel}","templated":true}]}}