{"id":4238,"date":"2022-11-19T18:52:11","date_gmt":"2022-11-19T17:52:11","guid":{"rendered":"https:\/\/agora.xtec.cat\/ieslajonquera\/?p=4238"},"modified":"2022-11-23T17:12:40","modified_gmt":"2022-11-23T16:12:40","slug":"resum-de-les-activitats-de-la-setmana-de-la-ciencia","status":"publish","type":"post","link":"https:\/\/agora.xtec.cat\/ieslajonquera\/general\/resum-de-les-activitats-de-la-setmana-de-la-ciencia\/","title":{"rendered":"Resum de les activitats de la Setmana de la Ci\u00e8ncia"},"content":{"rendered":"<p style=\"text-align: justify;\"><a href=\"https:\/\/agora.xtec.cat\/ieslajonquera\/wp-content\/uploads\/usu2014\/2022\/11\/16686125237471-rotated.jpg\"><img loading=\"lazy\" decoding=\"async\" class=\"size-medium wp-image-4251 alignleft\" src=\"https:\/\/agora.xtec.cat\/ieslajonquera\/wp-content\/uploads\/usu2014\/2022\/11\/16686125237471-224x300.jpg\" alt=\"\" width=\"224\" height=\"300\" srcset=\"https:\/\/agora.xtec.cat\/ieslajonquera\/wp-content\/uploads\/usu2014\/2022\/11\/16686125237471-224x300.jpg 224w, https:\/\/agora.xtec.cat\/ieslajonquera\/wp-content\/uploads\/usu2014\/2022\/11\/16686125237471-rotated.jpg 766w\" sizes=\"auto, (max-width: 224px) 100vw, 224px\" \/><\/a>De l&#8217;11 al 20 de novembre va tenir lloc la Setmana de la Ci\u00e8ncia. Al nostre centre es va celebrar entre el 14 i el 18 de novembre i aquest \u00e9s un resum en imatges de les activitats que es van portar a terme:<\/p>\n<p style=\"text-align: justify;\"><strong>Tallers STEM<\/strong><\/p>\n<p style=\"text-align: justify;\">-Taller de <a href=\"https:\/\/drive.google.com\/drive\/folders\/1QKe_kwx53zQktYKaZbz8fZ4l4LVR0NiY?usp=share_link\">c\u00fapules de Leonardo da Vinci<\/a> a 1r d&#8217;ESO: El taller, que ja s&#8217;havia fet el curs passat, va estar dinamitzat per docents de l&#8217;Institut. Va consistir a construir col\u00b7lectivament c\u00fapules d&#8217;uns 4 metres de di\u00e0metre i 1 metre d&#8217;altura aproximadament. Es va iniciar amb una petita explicaci\u00f3 sobre l&#8217;activitat i la forma de col\u00b7locar els bastons. La construcci\u00f3 va comen\u00e7ar pas a pas amb la participaci\u00f3 de tothom i en q\u00fcesti\u00f3 de 10 minuts ja era visible com anava creixent i aixecant-se. Un cop constru\u00efdes, els alumnes van poder entrar-hi a dins. Tamb\u00e9 es van poder aixecar.<\/p>\n<p style=\"text-align: justify;\">-Taller <a href=\"https:\/\/drive.google.com\/drive\/folders\/1j6tPu8H1hWfVml99E9u718pS80BHEh5K?usp=share_link\">&#8220;Robo-Sumo&#8221;<\/a> a 2n d&#8217;ESO: El taller el va portar a terme Explorium. Els alumnes van construir i programar un robot capa\u00e7 d&#8217;enfrontar-se a altres robots i van fer un combat final de Robo-Sumo amb material Lego Minstorms. Per aconseguir-ho, van haver de tenir en compte els sensors de qu\u00e8 disposaven i com es relacionaven amb l&#8217;entorn.<\/p>\n<p style=\"text-align: justify;\">-Tallers <a href=\"https:\/\/drive.google.com\/drive\/folders\/1EwYdiRaiwJT7gHyFwZJT_sr8VxoZnG_z?usp=share_link\">&#8220;X-Perimenta&#8221;<\/a> a 3r d&#8217;ESO: El taller va estar portat a terme per docents de l&#8217;Institut. Els alumnes van fet tres experiments: el missatge secret, la detecci\u00f3 de clorurs en aigua i la pasta de dents d&#8217;elefant a trav\u00e9s dels quals van poder observar diferents reaccions qu\u00edmiques.<\/p>\n<p style=\"text-align: justify;\">-Taller <a href=\"https:\/\/drive.google.com\/drive\/folders\/1lI8wIVZd57HlHgRnYjNzI2WjQF6DRD78?usp=share_link\">&#8220;Cuinem amb la Ci\u00e8ncia&#8221;<\/a> a 4t d&#8217;ESO: El taller el va dinamitzar Explorium. Els alumnes van fer dos experiments a trav\u00e9s del quals van poder respondre preguntes com: &#8220;Quan s&#8217;ha de posar la sal quan fem brou?&#8221; i &#8220;Quan bullim verdura?&#8221;, &#8220;Quin fenomen explica el procediment per fer-nos un te?&#8221; i &#8220;Quina ci\u00e8ncia s&#8217;amaga darrere el bany maria?&#8221;.<\/p>\n<p style=\"text-align: justify;\">-Taller <a href=\"https:\/\/drive.google.com\/drive\/folders\/1nIlaMOW3MmAyAlg2WBDDB5DH5PwNh3rC?usp=share_link\">&#8220;Coets d&#8217;Aire&#8221;<\/a> a Batxillerat: El taller el va portar a terme l&#8217;empresa Explorium. L&#8217;alumnat va fer un coet impulsat i van comprovar quin va ser el que va volar el m\u00e9s lluny possible.<\/p>\n<p style=\"text-align: justify;\"><strong>Altres activitats<\/strong><\/p>\n<p style=\"text-align: justify;\">&#8211; II Concurs de Fotografia Matem\u00e0tica de l&#8217;Aula d&#8217;Acollida<\/p>\n<p style=\"text-align: justify;\">&#8211; <a href=\"https:\/\/drive.google.com\/drive\/folders\/1s5ODLDk7fyqlqw-yR5Hbcgme4VxzakYg?usp=share_link\">Taller de reparaci\u00f3 de m\u00f2bils<\/a> (Projecte Reset) a l&#8217;optativa de 4t d&#8217;ESO de Tecnologia<\/p>\n<p style=\"text-align: justify;\">&#8211; Xerrada dins el cicle Un dia en la recerca a la UdG \u201cCom contribu\u00efm a frenar el canvi clim\u00e0tic?&#8221; a c\u00e0rrec de la Carolina Mart\u00ed a l&#8217;optativa Reptes Cient\u00edfics a 1r de Batxillerat<\/p>\n<p style=\"text-align: justify;\">A m\u00e9s a m\u00e9s, a algunes mat\u00e8ries de ci\u00e8ncies es van fer activitats diverses, com ara visualitzaci\u00f3 de documentals o pr\u00e0ctiques de laboratori.<\/p>\n","protected":false},"excerpt":{"rendered":"<p><a href=\"https:\/\/agora.xtec.cat\/ieslajonquera\/wp-content\/uploads\/usu2014\/2022\/11\/16686125237471-rotated.jpg\"><\/a>De l&#8217;11 al 20 de novembre va tenir lloc la Setmana de la Ci\u00e8ncia. Al nostre centre es va celebrar entre el 14 i el 18 de novembre i aquest \u00e9s un resum en imatges de les activitats que es van portar a terme:<br \/>\nTallers&hellip;  <a href=\"https:\/\/agora.xtec.cat\/ieslajonquera\/general\/resum-de-les-activitats-de-la-setmana-de-la-ciencia\/\" title=\"Read Resum de les activitats de la Setmana de la Ci\u00e8ncia\">Llegeix m\u00e9s\u00bb<\/a><\/p>\n","protected":false},"author":3,"featured_media":4251,"comment_status":"open","ping_status":"closed","sticky":false,"template":"","format":"standard","meta":{"_bbp_topic_count":0,"_bbp_reply_count":0,"_bbp_total_topic_count":0,"_bbp_total_reply_count":0,"_bbp_voice_count":0,"_bbp_anonymous_reply_count":0,"_bbp_topic_count_hidden":0,"_bbp_reply_count_hidden":0,"_bbp_forum_subforum_count":0,"footnotes":""},"categories":[1],"tags":[143,142,136,138],"class_list":["post-4238","post","type-post","status-publish","format-standard","has-post-thumbnail","hentry","category-general","tag-ciencia","tag-experiments","tag-quimica","tag-tecnologia"],"post_mailing_queue_ids":[],"_links":{"self":[{"href":"https:\/\/agora.xtec.cat\/ieslajonquera\/wp-json\/wp\/v2\/posts\/4238","targetHints":{"allow":["GET"]}}],"collection":[{"href":"https:\/\/agora.xtec.cat\/ieslajonquera\/wp-json\/wp\/v2\/posts"}],"about":[{"href":"https:\/\/agora.xtec.cat\/ieslajonquera\/wp-json\/wp\/v2\/types\/post"}],"author":[{"embeddable":true,"href":"https:\/\/agora.xtec.cat\/ieslajonquera\/wp-json\/wp\/v2\/users\/3"}],"replies":[{"embeddable":true,"href":"https:\/\/agora.xtec.cat\/ieslajonquera\/wp-json\/wp\/v2\/comments?post=4238"}],"version-history":[{"count":3,"href":"https:\/\/agora.xtec.cat\/ieslajonquera\/wp-json\/wp\/v2\/posts\/4238\/revisions"}],"predecessor-version":[{"id":4256,"href":"https:\/\/agora.xtec.cat\/ieslajonquera\/wp-json\/wp\/v2\/posts\/4238\/revisions\/4256"}],"wp:featuredmedia":[{"embeddable":true,"href":"https:\/\/agora.xtec.cat\/ieslajonquera\/wp-json\/wp\/v2\/media\/4251"}],"wp:attachment":[{"href":"https:\/\/agora.xtec.cat\/ieslajonquera\/wp-json\/wp\/v2\/media?parent=4238"}],"wp:term":[{"taxonomy":"category","embeddable":true,"href":"https:\/\/agora.xtec.cat\/ieslajonquera\/wp-json\/wp\/v2\/categories?post=4238"},{"taxonomy":"post_tag","embeddable":true,"href":"https:\/\/agora.xtec.cat\/ieslajonquera\/wp-json\/wp\/v2\/tags?post=4238"}],"curies":[{"name":"wp","href":"https:\/\/api.w.org\/{rel}","templated":true}]}}