{"id":4234,"date":"2022-11-13T19:49:43","date_gmt":"2022-11-13T18:49:43","guid":{"rendered":"https:\/\/agora.xtec.cat\/ieslajonquera\/?p=4234"},"modified":"2022-11-13T19:51:03","modified_gmt":"2022-11-13T18:51:03","slug":"sortida-a-barcelona-a-4t-deso","status":"publish","type":"post","link":"https:\/\/agora.xtec.cat\/ieslajonquera\/general\/sortida-a-barcelona-a-4t-deso\/","title":{"rendered":"Sortida a Barcelona a 4t d&#8217;ESO"},"content":{"rendered":"<p style=\"text-align: justify;\"><a href=\"https:\/\/agora.xtec.cat\/ieslajonquera\/wp-content\/uploads\/usu2014\/2022\/11\/20221110_161014.jpg\"><img loading=\"lazy\" decoding=\"async\" class=\"size-medium wp-image-4235 alignleft\" src=\"https:\/\/agora.xtec.cat\/ieslajonquera\/wp-content\/uploads\/usu2014\/2022\/11\/20221110_161014-300x285.jpg\" alt=\"\" width=\"300\" height=\"285\" srcset=\"https:\/\/agora.xtec.cat\/ieslajonquera\/wp-content\/uploads\/usu2014\/2022\/11\/20221110_161014-300x285.jpg 300w, https:\/\/agora.xtec.cat\/ieslajonquera\/wp-content\/uploads\/usu2014\/2022\/11\/20221110_161014-1024x972.jpg 1024w, https:\/\/agora.xtec.cat\/ieslajonquera\/wp-content\/uploads\/usu2014\/2022\/11\/20221110_161014-768x729.jpg 768w, https:\/\/agora.xtec.cat\/ieslajonquera\/wp-content\/uploads\/usu2014\/2022\/11\/20221110_161014-1536x1457.jpg 1536w, https:\/\/agora.xtec.cat\/ieslajonquera\/wp-content\/uploads\/usu2014\/2022\/11\/20221110_161014.jpg 1897w\" sizes=\"auto, (max-width: 300px) 100vw, 300px\" \/><\/a>L&#8217;alumnat de 4t d&#8217;ESO es va despla\u00e7ar fins a Barcelona el dijous 10 de novembre per passar-hi tot el dia.<\/p>\n<p style=\"text-align: justify;\">Al mat\u00ed van anar al Teatre Condal a veure el musical Golfus de Roma. L&#8217;obra est\u00e0 basada molt lliurement en les com\u00e8dies de Plaute i ha estat guardonada amb sis Premis Tony, incloent-hi el de Millor Musical.<\/p>\n<p style=\"text-align: justify;\">A la tarda van visitar el Museu d&#8217;Hist\u00f2ria de Catalunya i van participar en un taller que consistia a reconstruir els fets historics del segle XX a partir de cinc fam\u00edlies d&#8217;origens diferents, com ara: burgesos catalans, pagesos de Lleida, agricultors de M\u00farcia que migren a Catalunya, anarquistes, etc.<\/p>\n<p>&nbsp;<\/p>\n","protected":false},"excerpt":{"rendered":"<p><a href=\"https:\/\/agora.xtec.cat\/ieslajonquera\/wp-content\/uploads\/usu2014\/2022\/11\/20221110_161014.jpg\"><\/a>L&#8217;alumnat de 4t d&#8217;ESO es va despla\u00e7ar fins a Barcelona el dijous 10 de novembre per passar-hi tot el dia.<br \/>\nAl mat\u00ed van anar al Teatre Condal a veure el musical Golfus de Roma. L&#8217;obra est\u00e0 basada molt lliurement en les com\u00e8dies de Plaute i&hellip;  <a href=\"https:\/\/agora.xtec.cat\/ieslajonquera\/general\/sortida-a-barcelona-a-4t-deso\/\" title=\"Read Sortida a Barcelona a 4t d&#8217;ESO\">Llegeix m\u00e9s\u00bb<\/a><\/p>\n","protected":false},"author":3,"featured_media":4235,"comment_status":"open","ping_status":"closed","sticky":false,"template":"","format":"standard","meta":{"_bbp_topic_count":0,"_bbp_reply_count":0,"_bbp_total_topic_count":0,"_bbp_total_reply_count":0,"_bbp_voice_count":0,"_bbp_anonymous_reply_count":0,"_bbp_topic_count_hidden":0,"_bbp_reply_count_hidden":0,"_bbp_forum_subforum_count":0,"footnotes":""},"categories":[7,3,1],"tags":[145,39,40],"class_list":["post-4234","post","type-post","status-publish","format-standard","has-post-thumbnail","hentry","category-eso-4","category-eso","category-general","tag-historia","tag-sortides","tag-teatre"],"post_mailing_queue_ids":[],"_links":{"self":[{"href":"https:\/\/agora.xtec.cat\/ieslajonquera\/wp-json\/wp\/v2\/posts\/4234","targetHints":{"allow":["GET"]}}],"collection":[{"href":"https:\/\/agora.xtec.cat\/ieslajonquera\/wp-json\/wp\/v2\/posts"}],"about":[{"href":"https:\/\/agora.xtec.cat\/ieslajonquera\/wp-json\/wp\/v2\/types\/post"}],"author":[{"embeddable":true,"href":"https:\/\/agora.xtec.cat\/ieslajonquera\/wp-json\/wp\/v2\/users\/3"}],"replies":[{"embeddable":true,"href":"https:\/\/agora.xtec.cat\/ieslajonquera\/wp-json\/wp\/v2\/comments?post=4234"}],"version-history":[{"count":2,"href":"https:\/\/agora.xtec.cat\/ieslajonquera\/wp-json\/wp\/v2\/posts\/4234\/revisions"}],"predecessor-version":[{"id":4237,"href":"https:\/\/agora.xtec.cat\/ieslajonquera\/wp-json\/wp\/v2\/posts\/4234\/revisions\/4237"}],"wp:featuredmedia":[{"embeddable":true,"href":"https:\/\/agora.xtec.cat\/ieslajonquera\/wp-json\/wp\/v2\/media\/4235"}],"wp:attachment":[{"href":"https:\/\/agora.xtec.cat\/ieslajonquera\/wp-json\/wp\/v2\/media?parent=4234"}],"wp:term":[{"taxonomy":"category","embeddable":true,"href":"https:\/\/agora.xtec.cat\/ieslajonquera\/wp-json\/wp\/v2\/categories?post=4234"},{"taxonomy":"post_tag","embeddable":true,"href":"https:\/\/agora.xtec.cat\/ieslajonquera\/wp-json\/wp\/v2\/tags?post=4234"}],"curies":[{"name":"wp","href":"https:\/\/api.w.org\/{rel}","templated":true}]}}