{"id":4216,"date":"2022-11-13T11:31:31","date_gmt":"2022-11-13T10:31:31","guid":{"rendered":"https:\/\/agora.xtec.cat\/ieslajonquera\/?p=4216"},"modified":"2022-11-13T11:45:31","modified_gmt":"2022-11-13T10:45:31","slug":"taller-de-deures-assistit-inscripcions-obertes","status":"publish","type":"post","link":"https:\/\/agora.xtec.cat\/ieslajonquera\/general\/taller-de-deures-assistit-inscripcions-obertes\/","title":{"rendered":"Taller de deures assistit: inscripcions obertes"},"content":{"rendered":"<p style=\"text-align: justify;\"><a href=\"https:\/\/agora.xtec.cat\/ieslajonquera\/wp-content\/uploads\/usu2014\/2022\/11\/taller-de-deures-assistit-els-dimarts-i-dijous-de-16-h-a-18-h-a-linstitut-1.png\"><img loading=\"lazy\" decoding=\"async\" class=\"size-medium wp-image-4227 alignleft\" src=\"https:\/\/agora.xtec.cat\/ieslajonquera\/wp-content\/uploads\/usu2014\/2022\/11\/taller-de-deures-assistit-els-dimarts-i-dijous-de-16-h-a-18-h-a-linstitut-1-300x300.png\" alt=\"\" width=\"300\" height=\"300\" srcset=\"https:\/\/agora.xtec.cat\/ieslajonquera\/wp-content\/uploads\/usu2014\/2022\/11\/taller-de-deures-assistit-els-dimarts-i-dijous-de-16-h-a-18-h-a-linstitut-1-300x300.png 300w, https:\/\/agora.xtec.cat\/ieslajonquera\/wp-content\/uploads\/usu2014\/2022\/11\/taller-de-deures-assistit-els-dimarts-i-dijous-de-16-h-a-18-h-a-linstitut-1-1024x1024.png 1024w, https:\/\/agora.xtec.cat\/ieslajonquera\/wp-content\/uploads\/usu2014\/2022\/11\/taller-de-deures-assistit-els-dimarts-i-dijous-de-16-h-a-18-h-a-linstitut-1-150x150.png 150w, https:\/\/agora.xtec.cat\/ieslajonquera\/wp-content\/uploads\/usu2014\/2022\/11\/taller-de-deures-assistit-els-dimarts-i-dijous-de-16-h-a-18-h-a-linstitut-1-768x768.png 768w, https:\/\/agora.xtec.cat\/ieslajonquera\/wp-content\/uploads\/usu2014\/2022\/11\/taller-de-deures-assistit-els-dimarts-i-dijous-de-16-h-a-18-h-a-linstitut-1.png 1080w\" sizes=\"auto, (max-width: 300px) 100vw, 300px\" \/><\/a>A partir del 15 de novembre, gr\u00e0cies a una subvenci\u00f3 que hem rebut a trav\u00e9s del <a href=\"https:\/\/www.educacionyfp.gob.es\/mc\/sgctie\/cooperacion-territorial\/programas-cooperacion\/proa.html\" target=\"_blank\" rel=\"noopener\" data-saferedirecturl=\"https:\/\/www.google.com\/url?q=https:\/\/www.educacionyfp.gob.es\/mc\/sgctie\/cooperacion-territorial\/programas-cooperacion\/proa.html&amp;source=gmail&amp;ust=1668414211140000&amp;usg=AOvVaw3iygS-F-tsKBTkWei2onkS\">programa PROA+<\/a>\u00a0(que potencia la inclusi\u00f3 i equitat educativa), iniciem un taller de deures assistit els dimarts i dijous de 16 h a 18 h a l&#8217;institut.<\/p>\n<p style=\"text-align: justify;\">L&#8217;objectiu principal d&#8217;aquesta activitat \u00e9s proporcionar un espai de treball adequat i amb l&#8217;ajuda d&#8217;un monitor\/a per a aquell alumnat del centre que necessiti un suport educatiu d&#8217;aquest tipus. El taller est\u00e0 dirigit, principalment, per a l&#8217;alumnat de 1r i 2n d&#8217;ESO.<\/p>\n<p style=\"text-align: justify;\">Per poder fer \u00fas d&#8217;aquest recurs, cal que les fam\u00edlies interessades realitzeu una inscripci\u00f3 del vostre fill\/a a trav\u00e9s del full d&#8217;inscripci\u00f3 que trobareu a la Secretaria del centre o que podeu demanar a trav\u00e9s de correu electr\u00f2nic.<\/p>\n<p style=\"text-align: justify;\">De moment, l&#8217;aforament \u00e9s de 10 alumnes (tot i que es pot augmentar l&#8217;oferta si hi ha m\u00e9s demanda). En cas que hi hagi un gran nombre de sol\u00b7licituds, es prioritzaran els alumnes que tinguin informe social o b\u00e9 que hagin estat proposats per la CAEI (Comissi\u00f3 d&#8217;Atenci\u00f3 Educativa Inclusiva) del centre. En els altres casos, es tindr\u00e0 en compte l&#8217;ordre de presentaci\u00f3 de sol\u00b7licituds.<\/p>\n","protected":false},"excerpt":{"rendered":"<p><a href=\"https:\/\/agora.xtec.cat\/ieslajonquera\/wp-content\/uploads\/usu2014\/2022\/11\/taller-de-deures-assistit-els-dimarts-i-dijous-de-16-h-a-18-h-a-linstitut-1.png\"><\/a>A partir del 15 de novembre, gr\u00e0cies a una subvenci\u00f3 que hem rebut a trav\u00e9s del <a href=\"https:\/\/www.educacionyfp.gob.es\/mc\/sgctie\/cooperacion-territorial\/programas-cooperacion\/proa.html\" target=\"_blank\" rel=\"noopener\" data-saferedirecturl=\"https:\/\/www.google.com\/url?q=https:\/\/www.educacionyfp.gob.es\/mc\/sgctie\/cooperacion-territorial\/programas-cooperacion\/proa.html&amp;source=gmail&amp;ust=1668414211140000&amp;usg=AOvVaw3iygS-F-tsKBTkWei2onkS\">programa PROA+<\/a>\u00a0(que potencia la inclusi\u00f3 i equitat educativa), iniciem un taller de deures assistit els dimarts i dijous de 16 h a 18 h&hellip;  <a href=\"https:\/\/agora.xtec.cat\/ieslajonquera\/general\/taller-de-deures-assistit-inscripcions-obertes\/\" title=\"Read Taller de deures assistit: inscripcions obertes\">Llegeix m\u00e9s\u00bb<\/a><\/p>\n","protected":false},"author":3,"featured_media":4218,"comment_status":"open","ping_status":"closed","sticky":false,"template":"","format":"standard","meta":{"_bbp_topic_count":0,"_bbp_reply_count":0,"_bbp_total_topic_count":0,"_bbp_total_reply_count":0,"_bbp_voice_count":0,"_bbp_anonymous_reply_count":0,"_bbp_topic_count_hidden":0,"_bbp_reply_count_hidden":0,"_bbp_forum_subforum_count":0,"footnotes":""},"categories":[4,5,3,135,1],"tags":[164],"class_list":["post-4216","post","type-post","status-publish","format-standard","has-post-thumbnail","hentry","category-eso-1","category-eso-2","category-eso","category-families-alumnat","category-general","tag-proa"],"post_mailing_queue_ids":[],"_links":{"self":[{"href":"https:\/\/agora.xtec.cat\/ieslajonquera\/wp-json\/wp\/v2\/posts\/4216","targetHints":{"allow":["GET"]}}],"collection":[{"href":"https:\/\/agora.xtec.cat\/ieslajonquera\/wp-json\/wp\/v2\/posts"}],"about":[{"href":"https:\/\/agora.xtec.cat\/ieslajonquera\/wp-json\/wp\/v2\/types\/post"}],"author":[{"embeddable":true,"href":"https:\/\/agora.xtec.cat\/ieslajonquera\/wp-json\/wp\/v2\/users\/3"}],"replies":[{"embeddable":true,"href":"https:\/\/agora.xtec.cat\/ieslajonquera\/wp-json\/wp\/v2\/comments?post=4216"}],"version-history":[{"count":3,"href":"https:\/\/agora.xtec.cat\/ieslajonquera\/wp-json\/wp\/v2\/posts\/4216\/revisions"}],"predecessor-version":[{"id":4228,"href":"https:\/\/agora.xtec.cat\/ieslajonquera\/wp-json\/wp\/v2\/posts\/4216\/revisions\/4228"}],"wp:featuredmedia":[{"embeddable":true,"href":"https:\/\/agora.xtec.cat\/ieslajonquera\/wp-json\/wp\/v2\/media\/4218"}],"wp:attachment":[{"href":"https:\/\/agora.xtec.cat\/ieslajonquera\/wp-json\/wp\/v2\/media?parent=4216"}],"wp:term":[{"taxonomy":"category","embeddable":true,"href":"https:\/\/agora.xtec.cat\/ieslajonquera\/wp-json\/wp\/v2\/categories?post=4216"},{"taxonomy":"post_tag","embeddable":true,"href":"https:\/\/agora.xtec.cat\/ieslajonquera\/wp-json\/wp\/v2\/tags?post=4216"}],"curies":[{"name":"wp","href":"https:\/\/api.w.org\/{rel}","templated":true}]}}