{"id":4194,"date":"2022-11-05T16:14:43","date_gmt":"2022-11-05T15:14:43","guid":{"rendered":"https:\/\/agora.xtec.cat\/ieslajonquera\/?p=4194"},"modified":"2022-11-05T20:46:16","modified_gmt":"2022-11-05T19:46:16","slug":"quarta-edicio-de-la-setmana-de-halloween-castanyada","status":"publish","type":"post","link":"https:\/\/agora.xtec.cat\/ieslajonquera\/general\/quarta-edicio-de-la-setmana-de-halloween-castanyada\/","title":{"rendered":"Quarta edici\u00f3 de la setmana de Halloween &#8211; Castanyada!"},"content":{"rendered":"<p style=\"text-align: justify;\"><a href=\"https:\/\/agora.xtec.cat\/ieslajonquera\/wp-content\/uploads\/usu2014\/2022\/11\/20221104_1128341-rotated.jpg\"><img loading=\"lazy\" decoding=\"async\" class=\"size-medium wp-image-4196 alignleft\" src=\"https:\/\/agora.xtec.cat\/ieslajonquera\/wp-content\/uploads\/usu2014\/2022\/11\/20221104_1128341-225x300.jpg\" alt=\"\" width=\"225\" height=\"300\" \/><\/a>Com ja \u00e9s tradici\u00f3 en el centre, la setmana del 24 al 28 d\u2019octubre la Comissi\u00f3 de Dinamitzaci\u00f3 de la Biblioteca se les va enginyar per posar-nos a tots els p\u00e8ls de punta amb noves propostes.<\/p>\n<p style=\"text-align: justify;\">Enguany, els alumnes podien participar en tres concursos terror\u00edfics &#8211;el concurs de carbasses decorades, el concurs de relats breus i de sonets i el concurs de disfresses&#8211; que van tenir un gran \u00e8xit entre els alumnes i ens van deixar a tots bocabadats!<\/p>\n<p style=\"text-align: justify;\">Cal destacar que tots ens vam quedar de pasta de moniato davant el gran talent art\u00edstic que van demostrar tenir els nostres alumnes en la creaci\u00f3 de les carbasses presentades.<\/p>\n<p style=\"text-align: justify;\">Finalment, aqu\u00ed teniu un <a href=\"https:\/\/drive.google.com\/file\/d\/1_3aZAl0UHhUoMWPvTvokEgxLKMukM9b4\/view?usp=share_link\">v\u00eddeo<\/a> amb els guanyadors de cada concurs i una <a href=\"https:\/\/drive.google.com\/file\/d\/1tBtiYlp1xf6vjsaZ296iSaCKYaG_SV1Z\/view?usp=share_link\">edici\u00f3 digital<\/a> dels escrits premiats.<\/p>\n<p style=\"text-align: justify;\">Bona lectura!<\/p>\n","protected":false},"excerpt":{"rendered":"<p><a href=\"https:\/\/agora.xtec.cat\/ieslajonquera\/wp-content\/uploads\/usu2014\/2022\/11\/20221104_1128341-rotated.jpg\"><\/a>Com ja \u00e9s tradici\u00f3 en el centre, la setmana del 24 al 28 d\u2019octubre la Comissi\u00f3 de Dinamitzaci\u00f3 de la Biblioteca se les va enginyar per posar-nos a tots els p\u00e8ls de punta amb noves propostes.<br \/>\nEnguany, els alumnes podien participar en tres concursos terror\u00edfics&hellip;  <a href=\"https:\/\/agora.xtec.cat\/ieslajonquera\/general\/quarta-edicio-de-la-setmana-de-halloween-castanyada\/\" title=\"Read Quarta edici\u00f3 de la setmana de Halloween &#8211; Castanyada!\">Llegeix m\u00e9s\u00bb<\/a><\/p>\n","protected":false},"author":3,"featured_media":4196,"comment_status":"open","ping_status":"closed","sticky":false,"template":"","format":"standard","meta":{"_bbp_topic_count":0,"_bbp_reply_count":0,"_bbp_total_topic_count":0,"_bbp_total_reply_count":0,"_bbp_voice_count":0,"_bbp_anonymous_reply_count":0,"_bbp_topic_count_hidden":0,"_bbp_reply_count_hidden":0,"_bbp_forum_subforum_count":0,"footnotes":""},"categories":[1],"tags":[113,106,133,57,124],"class_list":["post-4194","post","type-post","status-publish","format-standard","has-post-thumbnail","hentry","category-general","tag-biblioteca","tag-concurs","tag-creativitat","tag-expressio-escrita","tag-literatura"],"post_mailing_queue_ids":[],"_links":{"self":[{"href":"https:\/\/agora.xtec.cat\/ieslajonquera\/wp-json\/wp\/v2\/posts\/4194","targetHints":{"allow":["GET"]}}],"collection":[{"href":"https:\/\/agora.xtec.cat\/ieslajonquera\/wp-json\/wp\/v2\/posts"}],"about":[{"href":"https:\/\/agora.xtec.cat\/ieslajonquera\/wp-json\/wp\/v2\/types\/post"}],"author":[{"embeddable":true,"href":"https:\/\/agora.xtec.cat\/ieslajonquera\/wp-json\/wp\/v2\/users\/3"}],"replies":[{"embeddable":true,"href":"https:\/\/agora.xtec.cat\/ieslajonquera\/wp-json\/wp\/v2\/comments?post=4194"}],"version-history":[{"count":3,"href":"https:\/\/agora.xtec.cat\/ieslajonquera\/wp-json\/wp\/v2\/posts\/4194\/revisions"}],"predecessor-version":[{"id":4210,"href":"https:\/\/agora.xtec.cat\/ieslajonquera\/wp-json\/wp\/v2\/posts\/4194\/revisions\/4210"}],"wp:featuredmedia":[{"embeddable":true,"href":"https:\/\/agora.xtec.cat\/ieslajonquera\/wp-json\/wp\/v2\/media\/4196"}],"wp:attachment":[{"href":"https:\/\/agora.xtec.cat\/ieslajonquera\/wp-json\/wp\/v2\/media?parent=4194"}],"wp:term":[{"taxonomy":"category","embeddable":true,"href":"https:\/\/agora.xtec.cat\/ieslajonquera\/wp-json\/wp\/v2\/categories?post=4194"},{"taxonomy":"post_tag","embeddable":true,"href":"https:\/\/agora.xtec.cat\/ieslajonquera\/wp-json\/wp\/v2\/tags?post=4194"}],"curies":[{"name":"wp","href":"https:\/\/api.w.org\/{rel}","templated":true}]}}