{"id":4185,"date":"2022-11-01T20:30:29","date_gmt":"2022-11-01T19:30:29","guid":{"rendered":"https:\/\/agora.xtec.cat\/ieslajonquera\/?p=4185"},"modified":"2022-11-01T20:43:05","modified_gmt":"2022-11-01T19:43:05","slug":"inici-del-projecte-i-musica-2","status":"publish","type":"post","link":"https:\/\/agora.xtec.cat\/ieslajonquera\/general\/inici-del-projecte-i-musica-2\/","title":{"rendered":"Inici del Projecte I-M\u00fasica"},"content":{"rendered":"<p style=\"text-align: justify;\">El passat 21 d&#8217;octubre vam comen\u00e7ar el projecte I-M\u00fasica 2022-2023 a l&#8217;institut, en col\u00b7laboraci\u00f3 amb l&#8217;Escola Municipal de M\u00fasica de la Jonquera. I estem molt contents d&#8217;anunciar que, despr\u00e9s de dos anys (des d&#8217;abans de la pand\u00e8mia per Covid-19), tornem a fer servir instruments de corda (viol\u00ed i violoncel) a 1r d&#8217;ESO i instruments de vent fusta (flauta travessera, clarinet i sax\u00f2fon) a 2n d&#8217;ESO.<\/p>\n<p><img loading=\"lazy\" decoding=\"async\" class=\"size-medium wp-image-4187 alignleft\" src=\"https:\/\/agora.xtec.cat\/ieslajonquera\/wp-content\/uploads\/usu2014\/2022\/11\/IMG_20221021_1108453311-300x225.jpg\" alt=\"\" width=\"300\" height=\"225\" srcset=\"https:\/\/agora.xtec.cat\/ieslajonquera\/wp-content\/uploads\/usu2014\/2022\/11\/IMG_20221021_1108453311-300x225.jpg 300w, https:\/\/agora.xtec.cat\/ieslajonquera\/wp-content\/uploads\/usu2014\/2022\/11\/IMG_20221021_1108453311-768x576.jpg 768w, https:\/\/agora.xtec.cat\/ieslajonquera\/wp-content\/uploads\/usu2014\/2022\/11\/IMG_20221021_1108453311-200x150.jpg 200w, https:\/\/agora.xtec.cat\/ieslajonquera\/wp-content\/uploads\/usu2014\/2022\/11\/IMG_20221021_1108453311.jpg 1024w\" sizes=\"auto, (max-width: 300px) 100vw, 300px\" \/><a href=\"https:\/\/agora.xtec.cat\/ieslajonquera\/wp-content\/uploads\/usu2014\/2022\/11\/IMG_20221028_1423094381.jpg\"><img loading=\"lazy\" decoding=\"async\" class=\"size-medium wp-image-4186 alignleft\" src=\"https:\/\/agora.xtec.cat\/ieslajonquera\/wp-content\/uploads\/usu2014\/2022\/11\/IMG_20221028_1423094381-300x225.jpg\" alt=\"\" width=\"300\" height=\"225\" srcset=\"https:\/\/agora.xtec.cat\/ieslajonquera\/wp-content\/uploads\/usu2014\/2022\/11\/IMG_20221028_1423094381-300x225.jpg 300w, https:\/\/agora.xtec.cat\/ieslajonquera\/wp-content\/uploads\/usu2014\/2022\/11\/IMG_20221028_1423094381-768x576.jpg 768w, https:\/\/agora.xtec.cat\/ieslajonquera\/wp-content\/uploads\/usu2014\/2022\/11\/IMG_20221028_1423094381-200x150.jpg 200w, https:\/\/agora.xtec.cat\/ieslajonquera\/wp-content\/uploads\/usu2014\/2022\/11\/IMG_20221028_1423094381.jpg 1024w\" sizes=\"auto, (max-width: 300px) 100vw, 300px\" \/><\/a><\/p>\n","protected":false},"excerpt":{"rendered":"<p>El passat 21 d&#8217;octubre vam comen\u00e7ar el projecte I-M\u00fasica 2022-2023 a l&#8217;institut, en col\u00b7laboraci\u00f3 amb l&#8217;Escola Municipal de M\u00fasica de la Jonquera. I estem molt contents d&#8217;anunciar que, despr\u00e9s de dos anys (des d&#8217;abans de la pand\u00e8mia per Covid-19), tornem a fer servir instruments de&hellip;  <a href=\"https:\/\/agora.xtec.cat\/ieslajonquera\/general\/inici-del-projecte-i-musica-2\/\" title=\"Read Inici del Projecte I-M\u00fasica\">Llegeix m\u00e9s\u00bb<\/a><\/p>\n","protected":false},"author":3,"featured_media":4186,"comment_status":"open","ping_status":"closed","sticky":false,"template":"","format":"standard","meta":{"_bbp_topic_count":0,"_bbp_reply_count":0,"_bbp_total_topic_count":0,"_bbp_total_reply_count":0,"_bbp_voice_count":0,"_bbp_anonymous_reply_count":0,"_bbp_topic_count_hidden":0,"_bbp_reply_count_hidden":0,"_bbp_forum_subforum_count":0,"footnotes":""},"categories":[4,5,3,1,107],"tags":[109,132],"class_list":["post-4185","post","type-post","status-publish","format-standard","has-post-thumbnail","hentry","category-eso-1","category-eso-2","category-eso","category-general","category-i-musica","tag-musica","tag-projectes"],"post_mailing_queue_ids":[],"_links":{"self":[{"href":"https:\/\/agora.xtec.cat\/ieslajonquera\/wp-json\/wp\/v2\/posts\/4185","targetHints":{"allow":["GET"]}}],"collection":[{"href":"https:\/\/agora.xtec.cat\/ieslajonquera\/wp-json\/wp\/v2\/posts"}],"about":[{"href":"https:\/\/agora.xtec.cat\/ieslajonquera\/wp-json\/wp\/v2\/types\/post"}],"author":[{"embeddable":true,"href":"https:\/\/agora.xtec.cat\/ieslajonquera\/wp-json\/wp\/v2\/users\/3"}],"replies":[{"embeddable":true,"href":"https:\/\/agora.xtec.cat\/ieslajonquera\/wp-json\/wp\/v2\/comments?post=4185"}],"version-history":[{"count":2,"href":"https:\/\/agora.xtec.cat\/ieslajonquera\/wp-json\/wp\/v2\/posts\/4185\/revisions"}],"predecessor-version":[{"id":4189,"href":"https:\/\/agora.xtec.cat\/ieslajonquera\/wp-json\/wp\/v2\/posts\/4185\/revisions\/4189"}],"wp:featuredmedia":[{"embeddable":true,"href":"https:\/\/agora.xtec.cat\/ieslajonquera\/wp-json\/wp\/v2\/media\/4186"}],"wp:attachment":[{"href":"https:\/\/agora.xtec.cat\/ieslajonquera\/wp-json\/wp\/v2\/media?parent=4185"}],"wp:term":[{"taxonomy":"category","embeddable":true,"href":"https:\/\/agora.xtec.cat\/ieslajonquera\/wp-json\/wp\/v2\/categories?post=4185"},{"taxonomy":"post_tag","embeddable":true,"href":"https:\/\/agora.xtec.cat\/ieslajonquera\/wp-json\/wp\/v2\/tags?post=4185"}],"curies":[{"name":"wp","href":"https:\/\/api.w.org\/{rel}","templated":true}]}}