{"id":4152,"date":"2022-10-15T17:33:22","date_gmt":"2022-10-15T15:33:22","guid":{"rendered":"https:\/\/agora.xtec.cat\/ieslajonquera\/?p=4152"},"modified":"2022-10-15T17:33:22","modified_gmt":"2022-10-15T15:33:22","slug":"circuit-comarcal-de-cross","status":"publish","type":"post","link":"https:\/\/agora.xtec.cat\/ieslajonquera\/general\/circuit-comarcal-de-cross\/","title":{"rendered":"Circuit Comarcal de Cross"},"content":{"rendered":"<p style=\"text-align: justify;\"><a href=\"https:\/\/agora.xtec.cat\/ieslajonquera\/wp-content\/uploads\/usu2014\/2022\/10\/Cros-Fortia-22-10-22.png\"><img loading=\"lazy\" decoding=\"async\" class=\"size-medium wp-image-4154 alignleft\" src=\"https:\/\/agora.xtec.cat\/ieslajonquera\/wp-content\/uploads\/usu2014\/2022\/10\/Cros-Fortia-22-10-22-212x300.png\" alt=\"\" width=\"212\" height=\"300\" srcset=\"https:\/\/agora.xtec.cat\/ieslajonquera\/wp-content\/uploads\/usu2014\/2022\/10\/Cros-Fortia-22-10-22-212x300.png 212w, https:\/\/agora.xtec.cat\/ieslajonquera\/wp-content\/uploads\/usu2014\/2022\/10\/Cros-Fortia-22-10-22-724x1024.png 724w, https:\/\/agora.xtec.cat\/ieslajonquera\/wp-content\/uploads\/usu2014\/2022\/10\/Cros-Fortia-22-10-22-768x1086.png 768w, https:\/\/agora.xtec.cat\/ieslajonquera\/wp-content\/uploads\/usu2014\/2022\/10\/Cros-Fortia-22-10-22-1086x1536.png 1086w, https:\/\/agora.xtec.cat\/ieslajonquera\/wp-content\/uploads\/usu2014\/2022\/10\/Cros-Fortia-22-10-22.png 1414w\" sizes=\"auto, (max-width: 212px) 100vw, 212px\" \/><\/a>Benvolguts\/des,<\/p>\n<p style=\"text-align: justify;\">Us adjuntem el cartell informatiu de la prova i us deixem a continuaci\u00f3 el link de la p\u00e0gina web on trobareu tota la informaci\u00f3 relacionada amb el Cross:<br \/>\n<a href=\"https:\/\/www.cealtemporda.cat\/ca\/circuit-comarcal-de-cross\" target=\"_blank\" rel=\"noopener noreferrer\" data-saferedirecturl=\"https:\/\/www.google.com\/url?q=https:\/\/www.cealtemporda.cat\/ca\/circuit-comarcal-de-cross&amp;source=gmail&amp;ust=1665933787621000&amp;usg=AOvVaw2xJshb7ala_QNqyscjEH8Q\">https:\/\/www.cealtemporda.cat\/<wbr \/>ca\/circuit-comarcal-de-cross\u00a0<\/a><\/p>\n<p style=\"text-align: justify;\">El preu\u00a0<strong>d&#8217;inscripci\u00f3 al Circuit Comarcal de Cross (5 proves) \u00e9s de 12,00 \u20ac<\/strong>; i el preu de\u00a0<strong>l&#8217;inscripci\u00f3 anticipada per prova \u00e9s de 3,00 \u20ac<\/strong> sempre que es faci abans de les 12:00h del dimarts de la setmana de la prova. Tamb\u00e9 hi haur\u00e0 la possibilitat <strong>d&#8217;inscriure&#8217;s a cadascuna de les proves el dia de la jornada, de 8:30 a 9:30 hores<\/strong>\u00a0i el preu ser\u00e0 de 4,00 euros.<\/p>\n<p>Com a novetat aquest curs, hi ha la modalitat\u00a0<strong>d&#8217;i<\/strong><strong>nscripci\u00f3 doble:<\/strong>\u00a0(infant + adult), en aquest cas, el preu de la inscripci\u00f3 nom\u00e9s ser\u00e0 la de l\u2019infant, ja que la participaci\u00f3 de l\u2019adult ser\u00e0 gratu\u00efta. L\u2019adult sempre haur\u00e0 de tenir dorsal.<\/p>\n<p><a href=\"https:\/\/agora.xtec.cat\/ieslajonquera\/wp-content\/uploads\/usu2014\/2022\/10\/5fe4fb92.jpeg\"><img loading=\"lazy\" decoding=\"async\" class=\"aligncenter size-medium wp-image-4153\" src=\"https:\/\/agora.xtec.cat\/ieslajonquera\/wp-content\/uploads\/usu2014\/2022\/10\/5fe4fb92-300x87.jpeg\" alt=\"\" width=\"300\" height=\"87\" srcset=\"https:\/\/agora.xtec.cat\/ieslajonquera\/wp-content\/uploads\/usu2014\/2022\/10\/5fe4fb92-300x87.jpeg 300w, https:\/\/agora.xtec.cat\/ieslajonquera\/wp-content\/uploads\/usu2014\/2022\/10\/5fe4fb92-1024x297.jpeg 1024w, https:\/\/agora.xtec.cat\/ieslajonquera\/wp-content\/uploads\/usu2014\/2022\/10\/5fe4fb92-768x223.jpeg 768w, https:\/\/agora.xtec.cat\/ieslajonquera\/wp-content\/uploads\/usu2014\/2022\/10\/5fe4fb92-1536x445.jpeg 1536w, https:\/\/agora.xtec.cat\/ieslajonquera\/wp-content\/uploads\/usu2014\/2022\/10\/5fe4fb92.jpeg 1600w\" sizes=\"auto, (max-width: 300px) 100vw, 300px\" \/><\/a><\/p>\n","protected":false},"excerpt":{"rendered":"<p><a href=\"https:\/\/agora.xtec.cat\/ieslajonquera\/wp-content\/uploads\/usu2014\/2022\/10\/Cros-Fortia-22-10-22.png\"><\/a>Benvolguts\/des,<br \/>\nUs adjuntem el cartell informatiu de la prova i us deixem a continuaci\u00f3 el link de la p\u00e0gina web on trobareu tota la informaci\u00f3 relacionada amb el Cross:<br \/>\n<a href=\"https:\/\/www.cealtemporda.cat\/ca\/circuit-comarcal-de-cross\" target=\"_blank\" rel=\"noopener noreferrer\" data-saferedirecturl=\"https:\/\/www.google.com\/url?q=https:\/\/www.cealtemporda.cat\/ca\/circuit-comarcal-de-cross&amp;source=gmail&amp;ust=1665933787621000&amp;usg=AOvVaw2xJshb7ala_QNqyscjEH8Q\">https:\/\/www.cealtemporda.cat\/ca\/circuit-comarcal-de-cross\u00a0<\/a><br \/>\nEl preu\u00a0d&#8217;inscripci\u00f3 al Circuit Comarcal de Cross (5 proves) \u00e9s de 12,00&hellip;  <a href=\"https:\/\/agora.xtec.cat\/ieslajonquera\/general\/circuit-comarcal-de-cross\/\" title=\"Read Circuit Comarcal de Cross\">Llegeix m\u00e9s\u00bb<\/a><\/p>\n","protected":false},"author":3,"featured_media":4154,"comment_status":"open","ping_status":"closed","sticky":false,"template":"","format":"standard","meta":{"_bbp_topic_count":0,"_bbp_reply_count":0,"_bbp_total_topic_count":0,"_bbp_total_reply_count":0,"_bbp_voice_count":0,"_bbp_anonymous_reply_count":0,"_bbp_topic_count_hidden":0,"_bbp_reply_count_hidden":0,"_bbp_forum_subforum_count":0,"footnotes":""},"categories":[1],"tags":[],"class_list":["post-4152","post","type-post","status-publish","format-standard","has-post-thumbnail","hentry","category-general"],"post_mailing_queue_ids":[],"_links":{"self":[{"href":"https:\/\/agora.xtec.cat\/ieslajonquera\/wp-json\/wp\/v2\/posts\/4152","targetHints":{"allow":["GET"]}}],"collection":[{"href":"https:\/\/agora.xtec.cat\/ieslajonquera\/wp-json\/wp\/v2\/posts"}],"about":[{"href":"https:\/\/agora.xtec.cat\/ieslajonquera\/wp-json\/wp\/v2\/types\/post"}],"author":[{"embeddable":true,"href":"https:\/\/agora.xtec.cat\/ieslajonquera\/wp-json\/wp\/v2\/users\/3"}],"replies":[{"embeddable":true,"href":"https:\/\/agora.xtec.cat\/ieslajonquera\/wp-json\/wp\/v2\/comments?post=4152"}],"version-history":[{"count":1,"href":"https:\/\/agora.xtec.cat\/ieslajonquera\/wp-json\/wp\/v2\/posts\/4152\/revisions"}],"predecessor-version":[{"id":4155,"href":"https:\/\/agora.xtec.cat\/ieslajonquera\/wp-json\/wp\/v2\/posts\/4152\/revisions\/4155"}],"wp:featuredmedia":[{"embeddable":true,"href":"https:\/\/agora.xtec.cat\/ieslajonquera\/wp-json\/wp\/v2\/media\/4154"}],"wp:attachment":[{"href":"https:\/\/agora.xtec.cat\/ieslajonquera\/wp-json\/wp\/v2\/media?parent=4152"}],"wp:term":[{"taxonomy":"category","embeddable":true,"href":"https:\/\/agora.xtec.cat\/ieslajonquera\/wp-json\/wp\/v2\/categories?post=4152"},{"taxonomy":"post_tag","embeddable":true,"href":"https:\/\/agora.xtec.cat\/ieslajonquera\/wp-json\/wp\/v2\/tags?post=4152"}],"curies":[{"name":"wp","href":"https:\/\/api.w.org\/{rel}","templated":true}]}}