{"id":4146,"date":"2022-10-12T17:40:14","date_gmt":"2022-10-12T15:40:14","guid":{"rendered":"https:\/\/agora.xtec.cat\/ieslajonquera\/?p=4146"},"modified":"2022-10-12T17:50:15","modified_gmt":"2022-10-12T15:50:15","slug":"projecte-rius-recollida-de-mostres-de-tardor","status":"publish","type":"post","link":"https:\/\/agora.xtec.cat\/ieslajonquera\/general\/projecte-rius-recollida-de-mostres-de-tardor\/","title":{"rendered":"Projecte Rius: recollida de mostres de tardor"},"content":{"rendered":"<p style=\"text-align: justify;\"><a href=\"https:\/\/agora.xtec.cat\/ieslajonquera\/wp-content\/uploads\/usu2014\/2022\/10\/16655816559012-rotated.jpg\"><img loading=\"lazy\" decoding=\"async\" class=\" wp-image-4148 alignleft\" src=\"https:\/\/agora.xtec.cat\/ieslajonquera\/wp-content\/uploads\/usu2014\/2022\/10\/16655816559012-rotated.jpg\" alt=\"\" width=\"225\" height=\"300\" \/><\/a><a href=\"https:\/\/agora.xtec.cat\/ieslajonquera\/wp-content\/uploads\/usu2014\/2022\/10\/16655816558651-rotated.jpg\"><img loading=\"lazy\" decoding=\"async\" class=\"size-medium wp-image-4147 alignleft\" src=\"https:\/\/agora.xtec.cat\/ieslajonquera\/wp-content\/uploads\/usu2014\/2022\/10\/16655816558651-224x300.jpg\" alt=\"\" width=\"224\" height=\"300\" srcset=\"https:\/\/agora.xtec.cat\/ieslajonquera\/wp-content\/uploads\/usu2014\/2022\/10\/16655816558651-224x300.jpg 224w, https:\/\/agora.xtec.cat\/ieslajonquera\/wp-content\/uploads\/usu2014\/2022\/10\/16655816558651-rotated.jpg 766w\" sizes=\"auto, (max-width: 224px) 100vw, 224px\" \/><\/a><a href=\"https:\/\/agora.xtec.cat\/ieslajonquera\/wp-content\/uploads\/usu2014\/2022\/10\/16655816559391-rotated.jpg\"><img loading=\"lazy\" decoding=\"async\" class=\"size-medium wp-image-4149 alignleft\" src=\"https:\/\/agora.xtec.cat\/ieslajonquera\/wp-content\/uploads\/usu2014\/2022\/10\/16655816559391-224x300.jpg\" alt=\"\" width=\"224\" height=\"300\" srcset=\"https:\/\/agora.xtec.cat\/ieslajonquera\/wp-content\/uploads\/usu2014\/2022\/10\/16655816559391-224x300.jpg 224w, https:\/\/agora.xtec.cat\/ieslajonquera\/wp-content\/uploads\/usu2014\/2022\/10\/16655816559391-rotated.jpg 766w\" sizes=\"auto, (max-width: 224px) 100vw, 224px\" \/><\/a>Com cada curs, l&#8217;INS La Jonquera participa en el Projecte Rius.<\/p>\n<p style=\"text-align: justify;\">El dimarts dia 11 d&#8217;octubre, els alumnes de 3r d&#8217;ESO C, des de la mat\u00e8ria de F\u00edsica i Qu\u00edmica, van anar al riu Llobregat d&#8217;Empord\u00e0, al seu pas per la Jonquera, a fer les recollides de mostres f\u00edsico-qu\u00edmiques i biol\u00f2giques.<\/p>\n<p style=\"text-align: justify;\">A m\u00e9s a m\u00e9s, com que som una Escola Verda, els alumnes van aprofitar per a fer una recollida d&#8217;escombraries a la zona amb la finalitat de poder gaudir d&#8217;un entorn proper m\u00e9s net.<\/p>\n","protected":false},"excerpt":{"rendered":"<p><a href=\"https:\/\/agora.xtec.cat\/ieslajonquera\/wp-content\/uploads\/usu2014\/2022\/10\/16655816559012-rotated.jpg\"><\/a><a href=\"https:\/\/agora.xtec.cat\/ieslajonquera\/wp-content\/uploads\/usu2014\/2022\/10\/16655816558651-rotated.jpg\"><\/a><a href=\"https:\/\/agora.xtec.cat\/ieslajonquera\/wp-content\/uploads\/usu2014\/2022\/10\/16655816559391-rotated.jpg\"><\/a>Com cada curs, l&#8217;INS La Jonquera participa en el Projecte Rius.<br \/>\nEl dimarts dia 11 d&#8217;octubre, els alumnes de 3r d&#8217;ESO C, des de la mat\u00e8ria de F\u00edsica i Qu\u00edmica, van anar al riu Llobregat d&#8217;Empord\u00e0, al seu pas per la Jonquera, a&hellip;  <a href=\"https:\/\/agora.xtec.cat\/ieslajonquera\/general\/projecte-rius-recollida-de-mostres-de-tardor\/\" title=\"Read Projecte Rius: recollida de mostres de tardor\">Llegeix m\u00e9s\u00bb<\/a><\/p>\n","protected":false},"author":3,"featured_media":4147,"comment_status":"open","ping_status":"closed","sticky":false,"template":"","format":"standard","meta":{"_bbp_topic_count":0,"_bbp_reply_count":0,"_bbp_total_topic_count":0,"_bbp_total_reply_count":0,"_bbp_voice_count":0,"_bbp_anonymous_reply_count":0,"_bbp_topic_count_hidden":0,"_bbp_reply_count_hidden":0,"_bbp_forum_subforum_count":0,"footnotes":""},"categories":[6,3,1],"tags":[157,132],"class_list":["post-4146","post","type-post","status-publish","format-standard","has-post-thumbnail","hentry","category-eso-3","category-eso","category-general","tag-escola-verda","tag-projectes"],"post_mailing_queue_ids":[],"_links":{"self":[{"href":"https:\/\/agora.xtec.cat\/ieslajonquera\/wp-json\/wp\/v2\/posts\/4146","targetHints":{"allow":["GET"]}}],"collection":[{"href":"https:\/\/agora.xtec.cat\/ieslajonquera\/wp-json\/wp\/v2\/posts"}],"about":[{"href":"https:\/\/agora.xtec.cat\/ieslajonquera\/wp-json\/wp\/v2\/types\/post"}],"author":[{"embeddable":true,"href":"https:\/\/agora.xtec.cat\/ieslajonquera\/wp-json\/wp\/v2\/users\/3"}],"replies":[{"embeddable":true,"href":"https:\/\/agora.xtec.cat\/ieslajonquera\/wp-json\/wp\/v2\/comments?post=4146"}],"version-history":[{"count":2,"href":"https:\/\/agora.xtec.cat\/ieslajonquera\/wp-json\/wp\/v2\/posts\/4146\/revisions"}],"predecessor-version":[{"id":4151,"href":"https:\/\/agora.xtec.cat\/ieslajonquera\/wp-json\/wp\/v2\/posts\/4146\/revisions\/4151"}],"wp:featuredmedia":[{"embeddable":true,"href":"https:\/\/agora.xtec.cat\/ieslajonquera\/wp-json\/wp\/v2\/media\/4147"}],"wp:attachment":[{"href":"https:\/\/agora.xtec.cat\/ieslajonquera\/wp-json\/wp\/v2\/media?parent=4146"}],"wp:term":[{"taxonomy":"category","embeddable":true,"href":"https:\/\/agora.xtec.cat\/ieslajonquera\/wp-json\/wp\/v2\/categories?post=4146"},{"taxonomy":"post_tag","embeddable":true,"href":"https:\/\/agora.xtec.cat\/ieslajonquera\/wp-json\/wp\/v2\/tags?post=4146"}],"curies":[{"name":"wp","href":"https:\/\/api.w.org\/{rel}","templated":true}]}}