{"id":4129,"date":"2022-10-01T19:31:01","date_gmt":"2022-10-01T17:31:01","guid":{"rendered":"https:\/\/agora.xtec.cat\/ieslajonquera\/?p=4129"},"modified":"2022-10-01T19:31:01","modified_gmt":"2022-10-01T17:31:01","slug":"sortida-de-convivencia-a-2n-de-batxillerat","status":"publish","type":"post","link":"https:\/\/agora.xtec.cat\/ieslajonquera\/general\/sortida-de-convivencia-a-2n-de-batxillerat\/","title":{"rendered":"Sortida de conviv\u00e8ncia a 2n de Batxillerat"},"content":{"rendered":"<p style=\"text-align: justify;\"><a href=\"https:\/\/agora.xtec.cat\/ieslajonquera\/wp-content\/uploads\/usu2014\/2022\/10\/IMG-20220930-WA0004.jpg\"><img loading=\"lazy\" decoding=\"async\" class=\"size-medium wp-image-4130 alignleft\" src=\"https:\/\/agora.xtec.cat\/ieslajonquera\/wp-content\/uploads\/usu2014\/2022\/10\/IMG-20220930-WA0004-300x225.jpg\" alt=\"\" width=\"300\" height=\"225\" srcset=\"https:\/\/agora.xtec.cat\/ieslajonquera\/wp-content\/uploads\/usu2014\/2022\/10\/IMG-20220930-WA0004-300x225.jpg 300w, https:\/\/agora.xtec.cat\/ieslajonquera\/wp-content\/uploads\/usu2014\/2022\/10\/IMG-20220930-WA0004-1024x768.jpg 1024w, https:\/\/agora.xtec.cat\/ieslajonquera\/wp-content\/uploads\/usu2014\/2022\/10\/IMG-20220930-WA0004-768x576.jpg 768w, https:\/\/agora.xtec.cat\/ieslajonquera\/wp-content\/uploads\/usu2014\/2022\/10\/IMG-20220930-WA0004-1536x1152.jpg 1536w, https:\/\/agora.xtec.cat\/ieslajonquera\/wp-content\/uploads\/usu2014\/2022\/10\/IMG-20220930-WA0004-200x150.jpg 200w, https:\/\/agora.xtec.cat\/ieslajonquera\/wp-content\/uploads\/usu2014\/2022\/10\/IMG-20220930-WA0004.jpg 1600w\" sizes=\"auto, (max-width: 300px) 100vw, 300px\" \/><\/a>Els alumnes de 2n de Batxillerat han gaudit d&#8217;una sortida de conviv\u00e8ncia amb pernoctaci\u00f3 a Requesens en qu\u00e8 han compartit moments bonics, jugat a moltes activitats i apr\u00e8s la hist\u00f2ria del castell amb la visita guiada d&#8217;en Ferran del Campo.<\/p>\n<p style=\"text-align: justify;\">En aquest <a href=\"https:\/\/drive.google.com\/drive\/folders\/14Ccp1uQJXNIiCzlKf8eBznz4IDusHPB6?usp=sharing\">enlla\u00e7<\/a> podeu veure algunes de les fotografies de la sortida.<\/p>\n","protected":false},"excerpt":{"rendered":"<p><a href=\"https:\/\/agora.xtec.cat\/ieslajonquera\/wp-content\/uploads\/usu2014\/2022\/10\/IMG-20220930-WA0004.jpg\"><\/a>Els alumnes de 2n de Batxillerat han gaudit d&#8217;una sortida de conviv\u00e8ncia amb pernoctaci\u00f3 a Requesens en qu\u00e8 han compartit moments bonics, jugat a moltes activitats i apr\u00e8s la hist\u00f2ria del castell amb la visita guiada d&#8217;en Ferran del Campo.<br \/>\nEn aquest <a href=\"https:\/\/drive.google.com\/drive\/folders\/14Ccp1uQJXNIiCzlKf8eBznz4IDusHPB6?usp=sharing\">enlla\u00e7<\/a> podeu&hellip;  <a href=\"https:\/\/agora.xtec.cat\/ieslajonquera\/general\/sortida-de-convivencia-a-2n-de-batxillerat\/\" title=\"Read Sortida de conviv\u00e8ncia a 2n de Batxillerat\">Llegeix m\u00e9s\u00bb<\/a><\/p>\n","protected":false},"author":3,"featured_media":4130,"comment_status":"open","ping_status":"closed","sticky":false,"template":"","format":"standard","meta":{"_bbp_topic_count":0,"_bbp_reply_count":0,"_bbp_total_topic_count":0,"_bbp_total_reply_count":0,"_bbp_voice_count":0,"_bbp_anonymous_reply_count":0,"_bbp_topic_count_hidden":0,"_bbp_reply_count_hidden":0,"_bbp_forum_subforum_count":0,"footnotes":""},"categories":[8,1],"tags":[120,39],"class_list":["post-4129","post","type-post","status-publish","format-standard","has-post-thumbnail","hentry","category-batxillerat","category-general","tag-convivencia","tag-sortides"],"post_mailing_queue_ids":[],"_links":{"self":[{"href":"https:\/\/agora.xtec.cat\/ieslajonquera\/wp-json\/wp\/v2\/posts\/4129","targetHints":{"allow":["GET"]}}],"collection":[{"href":"https:\/\/agora.xtec.cat\/ieslajonquera\/wp-json\/wp\/v2\/posts"}],"about":[{"href":"https:\/\/agora.xtec.cat\/ieslajonquera\/wp-json\/wp\/v2\/types\/post"}],"author":[{"embeddable":true,"href":"https:\/\/agora.xtec.cat\/ieslajonquera\/wp-json\/wp\/v2\/users\/3"}],"replies":[{"embeddable":true,"href":"https:\/\/agora.xtec.cat\/ieslajonquera\/wp-json\/wp\/v2\/comments?post=4129"}],"version-history":[{"count":1,"href":"https:\/\/agora.xtec.cat\/ieslajonquera\/wp-json\/wp\/v2\/posts\/4129\/revisions"}],"predecessor-version":[{"id":4131,"href":"https:\/\/agora.xtec.cat\/ieslajonquera\/wp-json\/wp\/v2\/posts\/4129\/revisions\/4131"}],"wp:featuredmedia":[{"embeddable":true,"href":"https:\/\/agora.xtec.cat\/ieslajonquera\/wp-json\/wp\/v2\/media\/4130"}],"wp:attachment":[{"href":"https:\/\/agora.xtec.cat\/ieslajonquera\/wp-json\/wp\/v2\/media?parent=4129"}],"wp:term":[{"taxonomy":"category","embeddable":true,"href":"https:\/\/agora.xtec.cat\/ieslajonquera\/wp-json\/wp\/v2\/categories?post=4129"},{"taxonomy":"post_tag","embeddable":true,"href":"https:\/\/agora.xtec.cat\/ieslajonquera\/wp-json\/wp\/v2\/tags?post=4129"}],"curies":[{"name":"wp","href":"https:\/\/api.w.org\/{rel}","templated":true}]}}