{"id":4126,"date":"2022-09-29T18:07:14","date_gmt":"2022-09-29T16:07:14","guid":{"rendered":"https:\/\/agora.xtec.cat\/ieslajonquera\/?p=4126"},"modified":"2022-09-29T18:07:40","modified_gmt":"2022-09-29T16:07:40","slug":"xerrada-sobre-la-importancia-dels-delegats","status":"publish","type":"post","link":"https:\/\/agora.xtec.cat\/ieslajonquera\/general\/xerrada-sobre-la-importancia-dels-delegats\/","title":{"rendered":"Xerrada sobre la import\u00e0ncia dels delegats"},"content":{"rendered":"<p style=\"text-align: justify;\"><a href=\"https:\/\/agora.xtec.cat\/ieslajonquera\/wp-content\/uploads\/usu2014\/2022\/09\/IMG-20220929-WA0016-e1664467584581.jpg\"><img loading=\"lazy\" decoding=\"async\" class=\"size-medium wp-image-4127 alignleft\" src=\"https:\/\/agora.xtec.cat\/ieslajonquera\/wp-content\/uploads\/usu2014\/2022\/09\/IMG-20220929-WA0016-e1664467584581-285x300.jpg\" alt=\"\" width=\"285\" height=\"300\" srcset=\"https:\/\/agora.xtec.cat\/ieslajonquera\/wp-content\/uploads\/usu2014\/2022\/09\/IMG-20220929-WA0016-e1664467584581-285x300.jpg 285w, https:\/\/agora.xtec.cat\/ieslajonquera\/wp-content\/uploads\/usu2014\/2022\/09\/IMG-20220929-WA0016-e1664467584581-768x807.jpg 768w, https:\/\/agora.xtec.cat\/ieslajonquera\/wp-content\/uploads\/usu2014\/2022\/09\/IMG-20220929-WA0016-e1664467584581.jpg 856w\" sizes=\"auto, (max-width: 285px) 100vw, 285px\" \/><\/a>Els alummnes de 2n d&#8217;ESO han assistit a una xerrada sobre la import\u00e0ncia de la figura del delegat a c\u00e0rrec de l&#8217;educador juvenil Jordi Abadal. L&#8217;activitat forma part de la reflexi\u00f3 que es fa des de la tutoria abans d&#8217;escollir el delegat i subdelegat de cada grup.<\/p>\n","protected":false},"excerpt":{"rendered":"<p><a href=\"https:\/\/agora.xtec.cat\/ieslajonquera\/wp-content\/uploads\/usu2014\/2022\/09\/IMG-20220929-WA0016-e1664467584581.jpg\"><\/a>Els alummnes de 2n d&#8217;ESO han assistit a una xerrada sobre la import\u00e0ncia de la figura del delegat a c\u00e0rrec de l&#8217;educador juvenil Jordi Abadal. L&#8217;activitat forma part de la reflexi\u00f3 que es fa des de la tutoria abans d&#8217;escollir el delegat i subdelegat&hellip;  <a href=\"https:\/\/agora.xtec.cat\/ieslajonquera\/general\/xerrada-sobre-la-importancia-dels-delegats\/\" title=\"Read Xerrada sobre la import\u00e0ncia dels delegats\">Llegeix m\u00e9s\u00bb<\/a><\/p>\n","protected":false},"author":3,"featured_media":4127,"comment_status":"open","ping_status":"closed","sticky":false,"template":"","format":"standard","meta":{"_bbp_topic_count":0,"_bbp_reply_count":0,"_bbp_total_topic_count":0,"_bbp_total_reply_count":0,"_bbp_voice_count":0,"_bbp_anonymous_reply_count":0,"_bbp_topic_count_hidden":0,"_bbp_reply_count_hidden":0,"_bbp_forum_subforum_count":0,"footnotes":""},"categories":[5,3,1],"tags":[44],"class_list":["post-4126","post","type-post","status-publish","format-standard","has-post-thumbnail","hentry","category-eso-2","category-eso","category-general","tag-xerrades"],"post_mailing_queue_ids":[],"_links":{"self":[{"href":"https:\/\/agora.xtec.cat\/ieslajonquera\/wp-json\/wp\/v2\/posts\/4126","targetHints":{"allow":["GET"]}}],"collection":[{"href":"https:\/\/agora.xtec.cat\/ieslajonquera\/wp-json\/wp\/v2\/posts"}],"about":[{"href":"https:\/\/agora.xtec.cat\/ieslajonquera\/wp-json\/wp\/v2\/types\/post"}],"author":[{"embeddable":true,"href":"https:\/\/agora.xtec.cat\/ieslajonquera\/wp-json\/wp\/v2\/users\/3"}],"replies":[{"embeddable":true,"href":"https:\/\/agora.xtec.cat\/ieslajonquera\/wp-json\/wp\/v2\/comments?post=4126"}],"version-history":[{"count":1,"href":"https:\/\/agora.xtec.cat\/ieslajonquera\/wp-json\/wp\/v2\/posts\/4126\/revisions"}],"predecessor-version":[{"id":4128,"href":"https:\/\/agora.xtec.cat\/ieslajonquera\/wp-json\/wp\/v2\/posts\/4126\/revisions\/4128"}],"wp:featuredmedia":[{"embeddable":true,"href":"https:\/\/agora.xtec.cat\/ieslajonquera\/wp-json\/wp\/v2\/media\/4127"}],"wp:attachment":[{"href":"https:\/\/agora.xtec.cat\/ieslajonquera\/wp-json\/wp\/v2\/media?parent=4126"}],"wp:term":[{"taxonomy":"category","embeddable":true,"href":"https:\/\/agora.xtec.cat\/ieslajonquera\/wp-json\/wp\/v2\/categories?post=4126"},{"taxonomy":"post_tag","embeddable":true,"href":"https:\/\/agora.xtec.cat\/ieslajonquera\/wp-json\/wp\/v2\/tags?post=4126"}],"curies":[{"name":"wp","href":"https:\/\/api.w.org\/{rel}","templated":true}]}}