{"id":4101,"date":"2022-09-06T20:03:57","date_gmt":"2022-09-06T18:03:57","guid":{"rendered":"https:\/\/agora.xtec.cat\/ieslajonquera\/?p=4101"},"modified":"2022-09-06T20:04:56","modified_gmt":"2022-09-06T18:04:56","slug":"inici-de-les-classes-a-eso-batxillerat-i-batxibac","status":"publish","type":"post","link":"https:\/\/agora.xtec.cat\/ieslajonquera\/general\/inici-de-les-classes-a-eso-batxillerat-i-batxibac\/","title":{"rendered":"Inici de les classes a ESO, Batxillerat i Batxibac"},"content":{"rendered":"<p style=\"text-align: justify;\"><a href=\"https:\/\/agora.xtec.cat\/ieslajonquera\/wp-content\/uploads\/usu2014\/2022\/09\/15.jpg\"><img loading=\"lazy\" decoding=\"async\" class=\" wp-image-4102 alignleft\" src=\"https:\/\/agora.xtec.cat\/ieslajonquera\/wp-content\/uploads\/usu2014\/2022\/09\/15-300x300.jpg\" alt=\"\" width=\"370\" height=\"370\" \/><\/a>Benvolgudes fam\u00edlies,<\/p>\n<p style=\"text-align: justify;\">Ens dirigim a vosaltres per donar-vos la benvinguda al nous curs escolar 22-23 i per a donar-vos algunes informacions sobre l&#8217;inici\u00a0de\u00a0curs:<\/p>\n<p style=\"text-align: justify;\">Comencem el dimecres 7 de setembre en horari habitual, de 8.10 h a 14.40 h.\u00a0Aquest dia no seguirem l&#8217;horari habitual de mat\u00e8ries sin\u00f3 que farem una jornada de presentaci\u00f3 i de conviv\u00e8ncia, ja que el primer dia explicarem als alumnes com ser\u00e0 tot i quins canvis hi haur\u00e0. En la primera part de la jornada, els i les tutores de cada grup faran la rebuda i la presentaci\u00f3. La segona part del dia, la destinarem a fer activitats i din\u00e0miques de coneixen\u00e7a i conviv\u00e8ncia; farem una petita sortida pel poble. No cal que portin l&#8217;ordinador ni tot el material escolar, nom\u00e9s el carpes\u00e0, fulls i l&#8217;estoig, sense oblidar l&#8217;esmorzar.<\/p>\n<p style=\"text-align: justify;\">El dia 8 de setembre \u00e9s festiu al poble, per tant, no hi haur\u00e0 classes.<\/p>\n<p style=\"text-align: justify;\">Les entrades al centre sempre seran per la porta de davant, la que queda protegida per les jardineres, i l&#8217;alumnat de 4t d&#8217;ESO i 2n de BAT accedir\u00e0 a les seves aules per l&#8217;entrada d&#8217;emerg\u00e8ncia a l&#8217;edifici.<\/p>\n<p style=\"text-align: justify;\">Hi ha hagut canvis en la normativa del centre, ja que l&#8217;equip de professorat hem decidit que al recinte escolar no es podr\u00e0 utilitzar el m\u00f2bil (ni a dins del centre ni al pati). Per tant, demanem la vostra col\u00b7laboraci\u00f3 com a fam\u00edlies i us demanem que eviteu, en la mesura del possible, que els vostres fills\/es portin l&#8217;aparell al centre.<\/p>\n<p style=\"text-align: justify;\">Us convoquem a una reuni\u00f3 de fam\u00edlies el proper 20 de setembre a les 19.30 h (4t d&#8217;ESO, 1r i 2n de BAT i PFI) per explicar-vos els canvis i les novetats pel que fa la normativa i la gesti\u00f3 disciplin\u00e0ria que comporta.<\/p>\n<p style=\"text-align: justify;\">Pel que fa l&#8217;aplicatiu que utilitzem per estar en contacte amb les fam\u00edlies, Clickedu, no estar\u00e0 operatiu aquests primers dies de curs perqu\u00e8 l&#8217;estem posant a punt.<\/p>\n<p style=\"text-align: justify;\">Restem a la vostra disposici\u00f3 per a qualsevol dubte o aclariment, podeu contactar-nos a trav\u00e9s del correu electr\u00f2nic del centre: <a href=\"mailto:b7006745@xtec.cat\" target=\"_blank\" rel=\"noopener\">b7006745@xtec.cat<\/a>.<\/p>\n<div style=\"text-align: justify;\">Atentament,<\/div>\n<div style=\"text-align: justify;\"><\/div>\n<div style=\"text-align: justify;\">Institut de La Jonquera<\/div>\n<div style=\"text-align: justify;\"><\/div>\n","protected":false},"excerpt":{"rendered":"<p><a href=\"https:\/\/agora.xtec.cat\/ieslajonquera\/wp-content\/uploads\/usu2014\/2022\/09\/15.jpg\"><\/a>Benvolgudes fam\u00edlies,<br \/>\nEns dirigim a vosaltres per donar-vos la benvinguda al nous curs escolar 22-23 i per a donar-vos algunes informacions sobre l&#8217;inici\u00a0de\u00a0curs:<br \/>\nComencem el dimecres 7 de setembre en horari habitual, de 8.10 h a 14.40 h.\u00a0Aquest dia no seguirem l&#8217;horari habitual de mat\u00e8ries sin\u00f3&hellip;  <a href=\"https:\/\/agora.xtec.cat\/ieslajonquera\/general\/inici-de-les-classes-a-eso-batxillerat-i-batxibac\/\" title=\"Read Inici de les classes a ESO, Batxillerat i Batxibac\">Llegeix m\u00e9s\u00bb<\/a><\/p>\n","protected":false},"author":3,"featured_media":4102,"comment_status":"open","ping_status":"closed","sticky":false,"template":"","format":"standard","meta":{"_bbp_topic_count":0,"_bbp_reply_count":0,"_bbp_total_topic_count":0,"_bbp_total_reply_count":0,"_bbp_voice_count":0,"_bbp_anonymous_reply_count":0,"_bbp_topic_count_hidden":0,"_bbp_reply_count_hidden":0,"_bbp_forum_subforum_count":0,"footnotes":""},"categories":[1],"tags":[],"class_list":["post-4101","post","type-post","status-publish","format-standard","has-post-thumbnail","hentry","category-general"],"post_mailing_queue_ids":[],"_links":{"self":[{"href":"https:\/\/agora.xtec.cat\/ieslajonquera\/wp-json\/wp\/v2\/posts\/4101","targetHints":{"allow":["GET"]}}],"collection":[{"href":"https:\/\/agora.xtec.cat\/ieslajonquera\/wp-json\/wp\/v2\/posts"}],"about":[{"href":"https:\/\/agora.xtec.cat\/ieslajonquera\/wp-json\/wp\/v2\/types\/post"}],"author":[{"embeddable":true,"href":"https:\/\/agora.xtec.cat\/ieslajonquera\/wp-json\/wp\/v2\/users\/3"}],"replies":[{"embeddable":true,"href":"https:\/\/agora.xtec.cat\/ieslajonquera\/wp-json\/wp\/v2\/comments?post=4101"}],"version-history":[{"count":1,"href":"https:\/\/agora.xtec.cat\/ieslajonquera\/wp-json\/wp\/v2\/posts\/4101\/revisions"}],"predecessor-version":[{"id":4103,"href":"https:\/\/agora.xtec.cat\/ieslajonquera\/wp-json\/wp\/v2\/posts\/4101\/revisions\/4103"}],"wp:featuredmedia":[{"embeddable":true,"href":"https:\/\/agora.xtec.cat\/ieslajonquera\/wp-json\/wp\/v2\/media\/4102"}],"wp:attachment":[{"href":"https:\/\/agora.xtec.cat\/ieslajonquera\/wp-json\/wp\/v2\/media?parent=4101"}],"wp:term":[{"taxonomy":"category","embeddable":true,"href":"https:\/\/agora.xtec.cat\/ieslajonquera\/wp-json\/wp\/v2\/categories?post=4101"},{"taxonomy":"post_tag","embeddable":true,"href":"https:\/\/agora.xtec.cat\/ieslajonquera\/wp-json\/wp\/v2\/tags?post=4101"}],"curies":[{"name":"wp","href":"https:\/\/api.w.org\/{rel}","templated":true}]}}