{"id":3905,"date":"2022-06-24T21:55:39","date_gmt":"2022-06-24T19:55:39","guid":{"rendered":"https:\/\/agora.xtec.cat\/ieslajonquera\/?p=3905"},"modified":"2022-07-19T16:44:34","modified_gmt":"2022-07-19T14:44:34","slug":"visita-al-castell-de-sant-ferran","status":"publish","type":"post","link":"https:\/\/agora.xtec.cat\/ieslajonquera\/general\/visita-al-castell-de-sant-ferran\/","title":{"rendered":"Visita al Castell de Sant Ferran"},"content":{"rendered":"<p class=\"gmail_default\" style=\"text-align: justify;\"><a href=\"https:\/\/agora.xtec.cat\/ieslajonquera\/wp-content\/uploads\/usu2014\/2022\/06\/IMG-20220621-WA0019.jpg\"><img loading=\"lazy\" decoding=\"async\" class=\"size-medium wp-image-3906 alignleft\" src=\"https:\/\/agora.xtec.cat\/ieslajonquera\/wp-content\/uploads\/usu2014\/2022\/06\/IMG-20220621-WA0019-300x222.jpg\" alt=\"\" width=\"300\" height=\"222\" \/><\/a>Els delegats, subdelegats i membres del Comit\u00e8 Ambiental de 1r d&#8217;ESO a 1r de Batxillerat del centre han visitat el Castell de Sant Ferran. Han realitzat un recorregut comentat pel fossat de la fortalesa, (2.500 m) a bord de vehicles tot terreny. Tamb\u00e9 han visitat les galeries subterr\u00e0nies de contramina. A m\u00e9s, han visitat les cisternes de la Fortalesa\u00a0 a bord d\u2019embarcacions pneum\u00e0tiques.<\/p>\n<p>Podeu veure m\u00e9s fotos de la sortida en <a href=\"https:\/\/drive.google.com\/drive\/folders\/1M3LUnHHObTaDBGFUmwzJLHZTUm6DNGql?usp=sharing\">aquest<\/a> enlla\u00e7.<\/p>\n<p class=\"gmail_default\" style=\"text-align: justify;\">S&#8217;ho han passat molt b\u00e9!<\/p>\n<p>&nbsp;<\/p>\n<div class=\"gmail_default\"><\/div>\n","protected":false},"excerpt":{"rendered":"<p><a href=\"https:\/\/agora.xtec.cat\/ieslajonquera\/wp-content\/uploads\/usu2014\/2022\/06\/IMG-20220621-WA0019.jpg\"><\/a>Els delegats, subdelegats i membres del Comit\u00e8 Ambiental de 1r d&#8217;ESO a 1r de Batxillerat del centre han visitat el Castell de Sant Ferran. Han realitzat un recorregut comentat pel fossat de la fortalesa, (2.500 m) a bord de vehicles tot terreny. Tamb\u00e9 han&hellip;  <a href=\"https:\/\/agora.xtec.cat\/ieslajonquera\/general\/visita-al-castell-de-sant-ferran\/\" title=\"Read Visita al Castell de Sant Ferran\">Llegeix m\u00e9s\u00bb<\/a><\/p>\n","protected":false},"author":3,"featured_media":3991,"comment_status":"open","ping_status":"closed","sticky":false,"template":"","format":"standard","meta":{"_bbp_topic_count":0,"_bbp_reply_count":0,"_bbp_total_topic_count":0,"_bbp_total_reply_count":0,"_bbp_voice_count":0,"_bbp_anonymous_reply_count":0,"_bbp_topic_count_hidden":0,"_bbp_reply_count_hidden":0,"_bbp_forum_subforum_count":0,"footnotes":""},"categories":[1],"tags":[120,157,39],"class_list":["post-3905","post","type-post","status-publish","format-standard","has-post-thumbnail","hentry","category-general","tag-convivencia","tag-escola-verda","tag-sortides"],"post_mailing_queue_ids":[],"_links":{"self":[{"href":"https:\/\/agora.xtec.cat\/ieslajonquera\/wp-json\/wp\/v2\/posts\/3905","targetHints":{"allow":["GET"]}}],"collection":[{"href":"https:\/\/agora.xtec.cat\/ieslajonquera\/wp-json\/wp\/v2\/posts"}],"about":[{"href":"https:\/\/agora.xtec.cat\/ieslajonquera\/wp-json\/wp\/v2\/types\/post"}],"author":[{"embeddable":true,"href":"https:\/\/agora.xtec.cat\/ieslajonquera\/wp-json\/wp\/v2\/users\/3"}],"replies":[{"embeddable":true,"href":"https:\/\/agora.xtec.cat\/ieslajonquera\/wp-json\/wp\/v2\/comments?post=3905"}],"version-history":[{"count":1,"href":"https:\/\/agora.xtec.cat\/ieslajonquera\/wp-json\/wp\/v2\/posts\/3905\/revisions"}],"predecessor-version":[{"id":3907,"href":"https:\/\/agora.xtec.cat\/ieslajonquera\/wp-json\/wp\/v2\/posts\/3905\/revisions\/3907"}],"wp:featuredmedia":[{"embeddable":true,"href":"https:\/\/agora.xtec.cat\/ieslajonquera\/wp-json\/wp\/v2\/media\/3991"}],"wp:attachment":[{"href":"https:\/\/agora.xtec.cat\/ieslajonquera\/wp-json\/wp\/v2\/media?parent=3905"}],"wp:term":[{"taxonomy":"category","embeddable":true,"href":"https:\/\/agora.xtec.cat\/ieslajonquera\/wp-json\/wp\/v2\/categories?post=3905"},{"taxonomy":"post_tag","embeddable":true,"href":"https:\/\/agora.xtec.cat\/ieslajonquera\/wp-json\/wp\/v2\/tags?post=3905"}],"curies":[{"name":"wp","href":"https:\/\/api.w.org\/{rel}","templated":true}]}}