{"id":3888,"date":"2022-06-15T20:31:20","date_gmt":"2022-06-15T18:31:20","guid":{"rendered":"https:\/\/agora.xtec.cat\/ieslajonquera\/?p=3888"},"modified":"2022-07-19T16:51:27","modified_gmt":"2022-07-19T14:51:27","slug":"entorn-immediat-a-2n-deso","status":"publish","type":"post","link":"https:\/\/agora.xtec.cat\/ieslajonquera\/general\/entorn-immediat-a-2n-deso\/","title":{"rendered":"Entorn immediat a 2n d&#8217;ESO"},"content":{"rendered":"<p><a href=\"https:\/\/agora.xtec.cat\/ieslajonquera\/wp-content\/uploads\/usu2014\/2022\/06\/16551373467541-rotated.jpg\"><img loading=\"lazy\" decoding=\"async\" class=\"size-medium wp-image-3892 alignleft\" src=\"https:\/\/agora.xtec.cat\/ieslajonquera\/wp-content\/uploads\/usu2014\/2022\/06\/16551373467541-224x300.jpg\" alt=\"\" width=\"224\" height=\"300\" \/><\/a><a href=\"https:\/\/agora.xtec.cat\/ieslajonquera\/wp-content\/uploads\/usu2014\/2022\/06\/16551373468481-rotated.jpg\"><img loading=\"lazy\" decoding=\"async\" class=\"size-medium wp-image-3998 alignleft\" src=\"https:\/\/agora.xtec.cat\/ieslajonquera\/wp-content\/uploads\/usu2014\/2022\/06\/16551373468481-224x300.jpg\" alt=\"\" width=\"224\" height=\"300\" srcset=\"https:\/\/agora.xtec.cat\/ieslajonquera\/wp-content\/uploads\/usu2014\/2022\/06\/16551373468481-224x300.jpg 224w, https:\/\/agora.xtec.cat\/ieslajonquera\/wp-content\/uploads\/usu2014\/2022\/06\/16551373468481-rotated.jpg 766w\" sizes=\"auto, (max-width: 224px) 100vw, 224px\" \/><\/a>Els alumnes de 2n d&#8217;ESO han dedicat tot un mat\u00ed a treballar en el projecte d&#8217;entorn immediat des de les mat\u00e8ries de Socials i Naturals. Es tracta una activitat que els permet con\u00e8ixer la poblaci\u00f3 de la Jonquera i els seus voltants des del punt de vista de les ci\u00e8ncies socials i naturals.<\/p>\n","protected":false},"excerpt":{"rendered":"<p><a href=\"https:\/\/agora.xtec.cat\/ieslajonquera\/wp-content\/uploads\/usu2014\/2022\/06\/16551373467541-rotated.jpg\"><\/a><a href=\"https:\/\/agora.xtec.cat\/ieslajonquera\/wp-content\/uploads\/usu2014\/2022\/06\/16551373468481-rotated.jpg\"><\/a>Els alumnes de 2n d&#8217;ESO han dedicat tot un mat\u00ed a treballar en el projecte d&#8217;entorn immediat des de les mat\u00e8ries de Socials i Naturals. Es tracta una activitat que els permet con\u00e8ixer la poblaci\u00f3 de la Jonquera i els seus voltants des&hellip;  <a href=\"https:\/\/agora.xtec.cat\/ieslajonquera\/general\/entorn-immediat-a-2n-deso\/\" title=\"Read Entorn immediat a 2n d&#8217;ESO\">Llegeix m\u00e9s\u00bb<\/a><\/p>\n","protected":false},"author":3,"featured_media":3998,"comment_status":"open","ping_status":"closed","sticky":false,"template":"","format":"standard","meta":{"_bbp_topic_count":0,"_bbp_reply_count":0,"_bbp_total_topic_count":0,"_bbp_total_reply_count":0,"_bbp_voice_count":0,"_bbp_anonymous_reply_count":0,"_bbp_topic_count_hidden":0,"_bbp_reply_count_hidden":0,"_bbp_forum_subforum_count":0,"footnotes":""},"categories":[5,3,1],"tags":[132,39],"class_list":["post-3888","post","type-post","status-publish","format-standard","has-post-thumbnail","hentry","category-eso-2","category-eso","category-general","tag-projectes","tag-sortides"],"post_mailing_queue_ids":[],"_links":{"self":[{"href":"https:\/\/agora.xtec.cat\/ieslajonquera\/wp-json\/wp\/v2\/posts\/3888","targetHints":{"allow":["GET"]}}],"collection":[{"href":"https:\/\/agora.xtec.cat\/ieslajonquera\/wp-json\/wp\/v2\/posts"}],"about":[{"href":"https:\/\/agora.xtec.cat\/ieslajonquera\/wp-json\/wp\/v2\/types\/post"}],"author":[{"embeddable":true,"href":"https:\/\/agora.xtec.cat\/ieslajonquera\/wp-json\/wp\/v2\/users\/3"}],"replies":[{"embeddable":true,"href":"https:\/\/agora.xtec.cat\/ieslajonquera\/wp-json\/wp\/v2\/comments?post=3888"}],"version-history":[{"count":3,"href":"https:\/\/agora.xtec.cat\/ieslajonquera\/wp-json\/wp\/v2\/posts\/3888\/revisions"}],"predecessor-version":[{"id":3999,"href":"https:\/\/agora.xtec.cat\/ieslajonquera\/wp-json\/wp\/v2\/posts\/3888\/revisions\/3999"}],"wp:featuredmedia":[{"embeddable":true,"href":"https:\/\/agora.xtec.cat\/ieslajonquera\/wp-json\/wp\/v2\/media\/3998"}],"wp:attachment":[{"href":"https:\/\/agora.xtec.cat\/ieslajonquera\/wp-json\/wp\/v2\/media?parent=3888"}],"wp:term":[{"taxonomy":"category","embeddable":true,"href":"https:\/\/agora.xtec.cat\/ieslajonquera\/wp-json\/wp\/v2\/categories?post=3888"},{"taxonomy":"post_tag","embeddable":true,"href":"https:\/\/agora.xtec.cat\/ieslajonquera\/wp-json\/wp\/v2\/tags?post=3888"}],"curies":[{"name":"wp","href":"https:\/\/api.w.org\/{rel}","templated":true}]}}