{"id":3862,"date":"2022-06-12T08:55:04","date_gmt":"2022-06-12T06:55:04","guid":{"rendered":"https:\/\/agora.xtec.cat\/ieslajonquera\/?p=3862"},"modified":"2022-07-19T16:56:32","modified_gmt":"2022-07-19T14:56:32","slug":"mati-de-portes-obertes","status":"publish","type":"post","link":"https:\/\/agora.xtec.cat\/ieslajonquera\/general\/mati-de-portes-obertes\/","title":{"rendered":"Mat\u00ed de portes obertes"},"content":{"rendered":"<p style=\"text-align: justify;\">El passat 10 de juny, es va celebrar al centre un mat\u00ed de portes obertes molt especial en qu\u00e8 l&#8217;alumnat de 1r d&#8217;ESO va rebre els futurs alumnes, que actualment cursen 6\u00e8 de prim\u00e0ria, els va ensenyar l&#8217;institut i els va oferir un concert en qu\u00e8 va tocar les peces preparades des del projecte I-M\u00fasica, en col\u00b7laboraci\u00f3 amb l&#8217;Escola Municipal de M\u00fasica de la Jonquera.<\/p>\n<p><a href=\"https:\/\/agora.xtec.cat\/ieslajonquera\/wp-content\/uploads\/usu2014\/2022\/06\/IMG-20220610-WA0047.jpg\"><img loading=\"lazy\" decoding=\"async\" class=\"size-medium wp-image-3878 alignleft\" src=\"https:\/\/agora.xtec.cat\/ieslajonquera\/wp-content\/uploads\/usu2014\/2022\/06\/IMG-20220610-WA0047-300x225.jpg\" alt=\"\" width=\"300\" height=\"225\" \/><\/a><a href=\"https:\/\/agora.xtec.cat\/ieslajonquera\/wp-content\/uploads\/usu2014\/2022\/06\/IMG-20220610-WA0042.jpg\"><img loading=\"lazy\" decoding=\"async\" class=\"size-medium wp-image-3879 alignleft\" src=\"https:\/\/agora.xtec.cat\/ieslajonquera\/wp-content\/uploads\/usu2014\/2022\/06\/IMG-20220610-WA0042-300x225.jpg\" alt=\"\" width=\"300\" height=\"225\" \/><\/a>Els alumnes assistents van ser els dels centres de prim\u00e0ria adscrits a l&#8217;INS de la Jonquera: les escoles de Ma\u00e7anet de Cabrenys, Darnius, Agullana, Capmany i la Jonquera.<\/p>\n<p>En aquest <a href=\"https:\/\/drive.google.com\/drive\/folders\/1Qy6W__3iwpl--GIn-SOHC3-NDScex9dL?usp=sharing\">enlla\u00e7<\/a> podeu veure els v\u00eddeos de les quatre peces del concert.<\/p>\n","protected":false},"excerpt":{"rendered":"<p>El passat 10 de juny, es va celebrar al centre un mat\u00ed de portes obertes molt especial en qu\u00e8 l&#8217;alumnat de 1r d&#8217;ESO va rebre els futurs alumnes, que actualment cursen 6\u00e8 de prim\u00e0ria, els va ensenyar l&#8217;institut i els va oferir un concert en&hellip;  <a href=\"https:\/\/agora.xtec.cat\/ieslajonquera\/general\/mati-de-portes-obertes\/\" title=\"Read Mat\u00ed de portes obertes\">Llegeix m\u00e9s\u00bb<\/a><\/p>\n","protected":false},"author":3,"featured_media":4003,"comment_status":"open","ping_status":"closed","sticky":false,"template":"","format":"standard","meta":{"_bbp_topic_count":0,"_bbp_reply_count":0,"_bbp_total_topic_count":0,"_bbp_total_reply_count":0,"_bbp_voice_count":0,"_bbp_anonymous_reply_count":0,"_bbp_topic_count_hidden":0,"_bbp_reply_count_hidden":0,"_bbp_forum_subforum_count":0,"footnotes":""},"categories":[4,3,1,107],"tags":[120,109],"class_list":["post-3862","post","type-post","status-publish","format-standard","has-post-thumbnail","hentry","category-eso-1","category-eso","category-general","category-i-musica","tag-convivencia","tag-musica"],"post_mailing_queue_ids":[],"_links":{"self":[{"href":"https:\/\/agora.xtec.cat\/ieslajonquera\/wp-json\/wp\/v2\/posts\/3862","targetHints":{"allow":["GET"]}}],"collection":[{"href":"https:\/\/agora.xtec.cat\/ieslajonquera\/wp-json\/wp\/v2\/posts"}],"about":[{"href":"https:\/\/agora.xtec.cat\/ieslajonquera\/wp-json\/wp\/v2\/types\/post"}],"author":[{"embeddable":true,"href":"https:\/\/agora.xtec.cat\/ieslajonquera\/wp-json\/wp\/v2\/users\/3"}],"replies":[{"embeddable":true,"href":"https:\/\/agora.xtec.cat\/ieslajonquera\/wp-json\/wp\/v2\/comments?post=3862"}],"version-history":[{"count":2,"href":"https:\/\/agora.xtec.cat\/ieslajonquera\/wp-json\/wp\/v2\/posts\/3862\/revisions"}],"predecessor-version":[{"id":3880,"href":"https:\/\/agora.xtec.cat\/ieslajonquera\/wp-json\/wp\/v2\/posts\/3862\/revisions\/3880"}],"wp:featuredmedia":[{"embeddable":true,"href":"https:\/\/agora.xtec.cat\/ieslajonquera\/wp-json\/wp\/v2\/media\/4003"}],"wp:attachment":[{"href":"https:\/\/agora.xtec.cat\/ieslajonquera\/wp-json\/wp\/v2\/media?parent=3862"}],"wp:term":[{"taxonomy":"category","embeddable":true,"href":"https:\/\/agora.xtec.cat\/ieslajonquera\/wp-json\/wp\/v2\/categories?post=3862"},{"taxonomy":"post_tag","embeddable":true,"href":"https:\/\/agora.xtec.cat\/ieslajonquera\/wp-json\/wp\/v2\/tags?post=3862"}],"curies":[{"name":"wp","href":"https:\/\/api.w.org\/{rel}","templated":true}]}}