{"id":3860,"date":"2022-06-14T07:29:37","date_gmt":"2022-06-14T05:29:37","guid":{"rendered":"https:\/\/agora.xtec.cat\/ieslajonquera\/?p=3860"},"modified":"2022-07-19T16:53:13","modified_gmt":"2022-07-19T14:53:13","slug":"caiac-i-esports-daventura","status":"publish","type":"post","link":"https:\/\/agora.xtec.cat\/ieslajonquera\/general\/caiac-i-esports-daventura\/","title":{"rendered":"Caiac i esports d&#8217;aventura"},"content":{"rendered":"<p><a href=\"https:\/\/agora.xtec.cat\/ieslajonquera\/wp-content\/uploads\/usu2014\/2022\/06\/IMG-20220613-WA0046.jpg\"><img loading=\"lazy\" decoding=\"async\" class=\"size-medium wp-image-3884 alignleft\" src=\"https:\/\/agora.xtec.cat\/ieslajonquera\/wp-content\/uploads\/usu2014\/2022\/06\/IMG-20220613-WA0046-300x135.jpg\" alt=\"\" width=\"300\" height=\"135\" \/><\/a>Els alumnes de 2n i 3r d&#8217;ESO han dedicat tot un mat\u00ed a practicar caiac i esports d&#8217;aventura al Parc d&#8217;Aventura, a B\u00e0scara. Es tracta d&#8217;una activitat organitzada des de la mat\u00e8ria d&#8217;Educaci\u00f3 F\u00edsica.<\/p>\n<p><a href=\"https:\/\/drive.google.com\/drive\/folders\/1Efu1GuV_kySUn4AYRUZN0rSO1-B4WaE4?usp=sharing\">Fotos de la sortida de 2n d&#8217;ESO<\/a><\/p>\n<p><a href=\"https:\/\/drive.google.com\/drive\/folders\/1rBgv8U7ecypPUlStpfmPvktFfkBij34s?usp=sharing\">Fotos de la sortida de 3r d&#8217;ESO<\/a><\/p>\n","protected":false},"excerpt":{"rendered":"<p><a href=\"https:\/\/agora.xtec.cat\/ieslajonquera\/wp-content\/uploads\/usu2014\/2022\/06\/IMG-20220613-WA0046.jpg\"><\/a>Els alumnes de 2n i 3r d&#8217;ESO han dedicat tot un mat\u00ed a practicar caiac i esports d&#8217;aventura al Parc d&#8217;Aventura, a B\u00e0scara. Es tracta d&#8217;una activitat organitzada des de la mat\u00e8ria d&#8217;Educaci\u00f3 F\u00edsica.<br \/>\n<a href=\"https:\/\/drive.google.com\/drive\/folders\/1Efu1GuV_kySUn4AYRUZN0rSO1-B4WaE4?usp=sharing\">Fotos de la sortida de 2n d&#8217;ESO<\/a><br \/>\n<a href=\"https:\/\/drive.google.com\/drive\/folders\/1rBgv8U7ecypPUlStpfmPvktFfkBij34s?usp=sharing\">Fotos de la&hellip;  <a href=\"https:\/\/agora.xtec.cat\/ieslajonquera\/general\/caiac-i-esports-daventura\/\" title=\"Read Caiac i esports d&#8217;aventura\">Llegeix m\u00e9s\u00bb<\/a><\/p>\n","protected":false},"author":3,"featured_media":4001,"comment_status":"open","ping_status":"closed","sticky":false,"template":"","format":"standard","meta":{"_bbp_topic_count":0,"_bbp_reply_count":0,"_bbp_total_topic_count":0,"_bbp_total_reply_count":0,"_bbp_voice_count":0,"_bbp_anonymous_reply_count":0,"_bbp_topic_count_hidden":0,"_bbp_reply_count_hidden":0,"_bbp_forum_subforum_count":0,"footnotes":""},"categories":[5,6,3,1],"tags":[111,39],"class_list":["post-3860","post","type-post","status-publish","format-standard","has-post-thumbnail","hentry","category-eso-2","category-eso-3","category-eso","category-general","tag-esport","tag-sortides"],"post_mailing_queue_ids":[],"_links":{"self":[{"href":"https:\/\/agora.xtec.cat\/ieslajonquera\/wp-json\/wp\/v2\/posts\/3860","targetHints":{"allow":["GET"]}}],"collection":[{"href":"https:\/\/agora.xtec.cat\/ieslajonquera\/wp-json\/wp\/v2\/posts"}],"about":[{"href":"https:\/\/agora.xtec.cat\/ieslajonquera\/wp-json\/wp\/v2\/types\/post"}],"author":[{"embeddable":true,"href":"https:\/\/agora.xtec.cat\/ieslajonquera\/wp-json\/wp\/v2\/users\/3"}],"replies":[{"embeddable":true,"href":"https:\/\/agora.xtec.cat\/ieslajonquera\/wp-json\/wp\/v2\/comments?post=3860"}],"version-history":[{"count":2,"href":"https:\/\/agora.xtec.cat\/ieslajonquera\/wp-json\/wp\/v2\/posts\/3860\/revisions"}],"predecessor-version":[{"id":3885,"href":"https:\/\/agora.xtec.cat\/ieslajonquera\/wp-json\/wp\/v2\/posts\/3860\/revisions\/3885"}],"wp:featuredmedia":[{"embeddable":true,"href":"https:\/\/agora.xtec.cat\/ieslajonquera\/wp-json\/wp\/v2\/media\/4001"}],"wp:attachment":[{"href":"https:\/\/agora.xtec.cat\/ieslajonquera\/wp-json\/wp\/v2\/media?parent=3860"}],"wp:term":[{"taxonomy":"category","embeddable":true,"href":"https:\/\/agora.xtec.cat\/ieslajonquera\/wp-json\/wp\/v2\/categories?post=3860"},{"taxonomy":"post_tag","embeddable":true,"href":"https:\/\/agora.xtec.cat\/ieslajonquera\/wp-json\/wp\/v2\/tags?post=3860"}],"curies":[{"name":"wp","href":"https:\/\/api.w.org\/{rel}","templated":true}]}}