{"id":3858,"date":"2022-06-12T08:32:27","date_gmt":"2022-06-12T06:32:27","guid":{"rendered":"https:\/\/agora.xtec.cat\/ieslajonquera\/?p=3858"},"modified":"2022-07-19T16:57:57","modified_gmt":"2022-07-19T14:57:57","slug":"xerrades-sobre-educacio-sexual-conscient","status":"publish","type":"post","link":"https:\/\/agora.xtec.cat\/ieslajonquera\/general\/xerrades-sobre-educacio-sexual-conscient\/","title":{"rendered":"Xerrades sobre educaci\u00f3 sexual conscient"},"content":{"rendered":"<p>L&#8217;especialista en educaci\u00f3 sexual i emocional per a infants, joves i adults Laura Ferrer ha vingut al centre a impartir xerrades sobre educaci\u00f3 sexual conscient a 1r, 3r i t d&#8217;ESO.<\/p>\n<p><a href=\"https:\/\/agora.xtec.cat\/ieslajonquera\/wp-content\/uploads\/usu2014\/2022\/06\/20220602_0938311-rotated.jpg\"><img loading=\"lazy\" decoding=\"async\" class=\"size-medium wp-image-3875 alignleft\" src=\"https:\/\/agora.xtec.cat\/ieslajonquera\/wp-content\/uploads\/usu2014\/2022\/06\/20220602_0938311-225x300.jpg\" alt=\"\" width=\"225\" height=\"300\" \/><\/a><a href=\"https:\/\/agora.xtec.cat\/ieslajonquera\/wp-content\/uploads\/usu2014\/2022\/06\/20220526_1242001-rotated.jpg\"><img loading=\"lazy\" decoding=\"async\" class=\"size-medium wp-image-3876 alignleft\" src=\"https:\/\/agora.xtec.cat\/ieslajonquera\/wp-content\/uploads\/usu2014\/2022\/06\/20220526_1242001-225x300.jpg\" alt=\"\" width=\"225\" height=\"300\" \/><\/a><\/p>\n","protected":false},"excerpt":{"rendered":"<p>L&#8217;especialista en educaci\u00f3 sexual i emocional per a infants, joves i adults Laura Ferrer ha vingut al centre a impartir xerrades sobre educaci\u00f3 sexual conscient a 1r, 3r i t d&#8217;ESO.<br \/>\n<a href=\"https:\/\/agora.xtec.cat\/ieslajonquera\/wp-content\/uploads\/usu2014\/2022\/06\/20220602_0938311-rotated.jpg\"><\/a><a href=\"https:\/\/agora.xtec.cat\/ieslajonquera\/wp-content\/uploads\/usu2014\/2022\/06\/20220526_1242001-rotated.jpg\"><\/a><\/p>\n","protected":false},"author":3,"featured_media":4004,"comment_status":"open","ping_status":"closed","sticky":false,"template":"","format":"standard","meta":{"_bbp_topic_count":0,"_bbp_reply_count":0,"_bbp_total_topic_count":0,"_bbp_total_reply_count":0,"_bbp_voice_count":0,"_bbp_anonymous_reply_count":0,"_bbp_topic_count_hidden":0,"_bbp_reply_count_hidden":0,"_bbp_forum_subforum_count":0,"footnotes":""},"categories":[4,6,7,3,1],"tags":[44],"class_list":["post-3858","post","type-post","status-publish","format-standard","has-post-thumbnail","hentry","category-eso-1","category-eso-3","category-eso-4","category-eso","category-general","tag-xerrades"],"post_mailing_queue_ids":[],"_links":{"self":[{"href":"https:\/\/agora.xtec.cat\/ieslajonquera\/wp-json\/wp\/v2\/posts\/3858","targetHints":{"allow":["GET"]}}],"collection":[{"href":"https:\/\/agora.xtec.cat\/ieslajonquera\/wp-json\/wp\/v2\/posts"}],"about":[{"href":"https:\/\/agora.xtec.cat\/ieslajonquera\/wp-json\/wp\/v2\/types\/post"}],"author":[{"embeddable":true,"href":"https:\/\/agora.xtec.cat\/ieslajonquera\/wp-json\/wp\/v2\/users\/3"}],"replies":[{"embeddable":true,"href":"https:\/\/agora.xtec.cat\/ieslajonquera\/wp-json\/wp\/v2\/comments?post=3858"}],"version-history":[{"count":2,"href":"https:\/\/agora.xtec.cat\/ieslajonquera\/wp-json\/wp\/v2\/posts\/3858\/revisions"}],"predecessor-version":[{"id":3877,"href":"https:\/\/agora.xtec.cat\/ieslajonquera\/wp-json\/wp\/v2\/posts\/3858\/revisions\/3877"}],"wp:featuredmedia":[{"embeddable":true,"href":"https:\/\/agora.xtec.cat\/ieslajonquera\/wp-json\/wp\/v2\/media\/4004"}],"wp:attachment":[{"href":"https:\/\/agora.xtec.cat\/ieslajonquera\/wp-json\/wp\/v2\/media?parent=3858"}],"wp:term":[{"taxonomy":"category","embeddable":true,"href":"https:\/\/agora.xtec.cat\/ieslajonquera\/wp-json\/wp\/v2\/categories?post=3858"},{"taxonomy":"post_tag","embeddable":true,"href":"https:\/\/agora.xtec.cat\/ieslajonquera\/wp-json\/wp\/v2\/tags?post=3858"}],"curies":[{"name":"wp","href":"https:\/\/api.w.org\/{rel}","templated":true}]}}