{"id":3856,"date":"2022-06-12T08:27:04","date_gmt":"2022-06-12T06:27:04","guid":{"rendered":"https:\/\/agora.xtec.cat\/ieslajonquera\/?p=3856"},"modified":"2022-07-19T17:00:04","modified_gmt":"2022-07-19T15:00:04","slug":"cloenda-del-projecte-vinem-a-buscar","status":"publish","type":"post","link":"https:\/\/agora.xtec.cat\/ieslajonquera\/general\/cloenda-del-projecte-vinem-a-buscar\/","title":{"rendered":"Cloenda del projecte &#8220;Vine&#8217;m a buscar&#8221;"},"content":{"rendered":"<p style=\"text-align: justify;\"><a href=\"https:\/\/agora.xtec.cat\/ieslajonquera\/wp-content\/uploads\/usu2014\/2022\/06\/20220609_1814411.jpg\"><img loading=\"lazy\" decoding=\"async\" class=\"size-medium wp-image-3873 alignleft\" src=\"https:\/\/agora.xtec.cat\/ieslajonquera\/wp-content\/uploads\/usu2014\/2022\/06\/20220609_1814411-300x225.jpg\" alt=\"\" width=\"300\" height=\"225\" \/><\/a>Els alumnes participants en el projecte &#8220;Vine&#8217;m a buscar&#8221;, de l&#8217;Aula d&#8217;Acollida, van assistir, el passat dijous 9 e juny, a un berenar-cloenda al MUME en qu\u00e8, a m\u00e9s a m\u00e9s, l&#8217;historiador Miquel Serrano els va explicar el cas d&#8217;en Vicente Borjabad, que es va casar a la Jonquera, es va exiliar el 1939, va ser deportat a un camp nazi i va tornar a la Jonquera el 1947.<\/p>\n<p style=\"text-align: justify;\">El projecte &#8220;Vine&#8217;m a buscar&#8221; consisteix en que un alumne dels cursos m\u00e9s alts fa de \u201cgerm\u00e0 gran\u201d d\u2019un altre, alumne de l\u2019AA: li explica com funciona el centre, com se n\u2019ha sortit, li dona consells, l\u2019ajuda a organitzar-se, etc. En definitiva, est\u00e0 una mica pendent del seu \u201cgerm\u00e0 petit\u201d.<\/p>\n","protected":false},"excerpt":{"rendered":"<p><a href=\"https:\/\/agora.xtec.cat\/ieslajonquera\/wp-content\/uploads\/usu2014\/2022\/06\/20220609_1814411.jpg\"><\/a>Els alumnes participants en el projecte &#8220;Vine&#8217;m a buscar&#8221;, de l&#8217;Aula d&#8217;Acollida, van assistir, el passat dijous 9 e juny, a un berenar-cloenda al MUME en qu\u00e8, a m\u00e9s a m\u00e9s, l&#8217;historiador Miquel Serrano els va explicar el cas d&#8217;en Vicente Borjabad, que es&hellip;  <a href=\"https:\/\/agora.xtec.cat\/ieslajonquera\/general\/cloenda-del-projecte-vinem-a-buscar\/\" title=\"Read Cloenda del projecte &#8220;Vine&#8217;m a buscar&#8221;\">Llegeix m\u00e9s\u00bb<\/a><\/p>\n","protected":false},"author":3,"featured_media":4005,"comment_status":"open","ping_status":"closed","sticky":false,"template":"","format":"standard","meta":{"_bbp_topic_count":0,"_bbp_reply_count":0,"_bbp_total_topic_count":0,"_bbp_total_reply_count":0,"_bbp_voice_count":0,"_bbp_anonymous_reply_count":0,"_bbp_topic_count_hidden":0,"_bbp_reply_count_hidden":0,"_bbp_forum_subforum_count":0,"footnotes":""},"categories":[1],"tags":[151,120],"class_list":["post-3856","post","type-post","status-publish","format-standard","has-post-thumbnail","hentry","category-general","tag-aula-dacollida","tag-convivencia"],"post_mailing_queue_ids":[],"_links":{"self":[{"href":"https:\/\/agora.xtec.cat\/ieslajonquera\/wp-json\/wp\/v2\/posts\/3856","targetHints":{"allow":["GET"]}}],"collection":[{"href":"https:\/\/agora.xtec.cat\/ieslajonquera\/wp-json\/wp\/v2\/posts"}],"about":[{"href":"https:\/\/agora.xtec.cat\/ieslajonquera\/wp-json\/wp\/v2\/types\/post"}],"author":[{"embeddable":true,"href":"https:\/\/agora.xtec.cat\/ieslajonquera\/wp-json\/wp\/v2\/users\/3"}],"replies":[{"embeddable":true,"href":"https:\/\/agora.xtec.cat\/ieslajonquera\/wp-json\/wp\/v2\/comments?post=3856"}],"version-history":[{"count":2,"href":"https:\/\/agora.xtec.cat\/ieslajonquera\/wp-json\/wp\/v2\/posts\/3856\/revisions"}],"predecessor-version":[{"id":3874,"href":"https:\/\/agora.xtec.cat\/ieslajonquera\/wp-json\/wp\/v2\/posts\/3856\/revisions\/3874"}],"wp:featuredmedia":[{"embeddable":true,"href":"https:\/\/agora.xtec.cat\/ieslajonquera\/wp-json\/wp\/v2\/media\/4005"}],"wp:attachment":[{"href":"https:\/\/agora.xtec.cat\/ieslajonquera\/wp-json\/wp\/v2\/media?parent=3856"}],"wp:term":[{"taxonomy":"category","embeddable":true,"href":"https:\/\/agora.xtec.cat\/ieslajonquera\/wp-json\/wp\/v2\/categories?post=3856"},{"taxonomy":"post_tag","embeddable":true,"href":"https:\/\/agora.xtec.cat\/ieslajonquera\/wp-json\/wp\/v2\/tags?post=3856"}],"curies":[{"name":"wp","href":"https:\/\/api.w.org\/{rel}","templated":true}]}}