{"id":3816,"date":"2022-05-17T18:53:10","date_gmt":"2022-05-17T16:53:10","guid":{"rendered":"https:\/\/agora.xtec.cat\/ieslajonquera\/?p=3816"},"modified":"2022-07-19T17:28:12","modified_gmt":"2022-07-19T15:28:12","slug":"visita-a-ledar-de-figueres","status":"publish","type":"post","link":"https:\/\/agora.xtec.cat\/ieslajonquera\/general\/visita-a-ledar-de-figueres\/","title":{"rendered":"Visita a l&#8217;EDAR de Figueres"},"content":{"rendered":"<p style=\"text-align: justify;\"><a href=\"https:\/\/agora.xtec.cat\/ieslajonquera\/wp-content\/uploads\/usu2014\/2022\/05\/16527878667731-rotated.jpg\"><img loading=\"lazy\" decoding=\"async\" class=\"size-medium wp-image-3817 alignleft\" src=\"https:\/\/agora.xtec.cat\/ieslajonquera\/wp-content\/uploads\/usu2014\/2022\/05\/16527878667731-224x300.jpg\" alt=\"\" width=\"224\" height=\"300\" \/><\/a>L&#8217;alumnat de 3r d&#8217;ESO ha anat a l&#8217;Estaci\u00f3 Depuradora d&#8217;Aig\u00fces Residuals (EDAR) de Figueres, on els han explicat el &#8220;cicle integral de l&#8217;aigua&#8221;: Des de la potabilitzaci\u00f3 necess\u00e0ria perqu\u00e8 ens arribi aigua a casa fins al tractament que li fan per a poder-la abocar al riu sense que estigui contaminada.<\/p>\n<p style=\"text-align: justify;\">La visita ha estat a c\u00e0rrec de Fisersa.<\/p>\n","protected":false},"excerpt":{"rendered":"<p><a href=\"https:\/\/agora.xtec.cat\/ieslajonquera\/wp-content\/uploads\/usu2014\/2022\/05\/16527878667731-rotated.jpg\"><\/a>L&#8217;alumnat de 3r d&#8217;ESO ha anat a l&#8217;Estaci\u00f3 Depuradora d&#8217;Aig\u00fces Residuals (EDAR) de Figueres, on els han explicat el &#8220;cicle integral de l&#8217;aigua&#8221;: Des de la potabilitzaci\u00f3 necess\u00e0ria perqu\u00e8 ens arribi aigua a casa fins al tractament que li fan per a poder-la abocar&hellip;  <a href=\"https:\/\/agora.xtec.cat\/ieslajonquera\/general\/visita-a-ledar-de-figueres\/\" title=\"Read Visita a l&#8217;EDAR de Figueres\">Llegeix m\u00e9s\u00bb<\/a><\/p>\n","protected":false},"author":3,"featured_media":4021,"comment_status":"open","ping_status":"closed","sticky":false,"template":"","format":"standard","meta":{"_bbp_topic_count":0,"_bbp_reply_count":0,"_bbp_total_topic_count":0,"_bbp_total_reply_count":0,"_bbp_voice_count":0,"_bbp_anonymous_reply_count":0,"_bbp_topic_count_hidden":0,"_bbp_reply_count_hidden":0,"_bbp_forum_subforum_count":0,"footnotes":""},"categories":[6,3,1],"tags":[117,136,39,128],"class_list":["post-3816","post","type-post","status-publish","format-standard","has-post-thumbnail","hentry","category-eso-3","category-eso","category-general","tag-biologia","tag-quimica","tag-sortides","tag-sostenibilitat"],"post_mailing_queue_ids":[],"_links":{"self":[{"href":"https:\/\/agora.xtec.cat\/ieslajonquera\/wp-json\/wp\/v2\/posts\/3816","targetHints":{"allow":["GET"]}}],"collection":[{"href":"https:\/\/agora.xtec.cat\/ieslajonquera\/wp-json\/wp\/v2\/posts"}],"about":[{"href":"https:\/\/agora.xtec.cat\/ieslajonquera\/wp-json\/wp\/v2\/types\/post"}],"author":[{"embeddable":true,"href":"https:\/\/agora.xtec.cat\/ieslajonquera\/wp-json\/wp\/v2\/users\/3"}],"replies":[{"embeddable":true,"href":"https:\/\/agora.xtec.cat\/ieslajonquera\/wp-json\/wp\/v2\/comments?post=3816"}],"version-history":[{"count":1,"href":"https:\/\/agora.xtec.cat\/ieslajonquera\/wp-json\/wp\/v2\/posts\/3816\/revisions"}],"predecessor-version":[{"id":3818,"href":"https:\/\/agora.xtec.cat\/ieslajonquera\/wp-json\/wp\/v2\/posts\/3816\/revisions\/3818"}],"wp:featuredmedia":[{"embeddable":true,"href":"https:\/\/agora.xtec.cat\/ieslajonquera\/wp-json\/wp\/v2\/media\/4021"}],"wp:attachment":[{"href":"https:\/\/agora.xtec.cat\/ieslajonquera\/wp-json\/wp\/v2\/media?parent=3816"}],"wp:term":[{"taxonomy":"category","embeddable":true,"href":"https:\/\/agora.xtec.cat\/ieslajonquera\/wp-json\/wp\/v2\/categories?post=3816"},{"taxonomy":"post_tag","embeddable":true,"href":"https:\/\/agora.xtec.cat\/ieslajonquera\/wp-json\/wp\/v2\/tags?post=3816"}],"curies":[{"name":"wp","href":"https:\/\/api.w.org\/{rel}","templated":true}]}}