{"id":3812,"date":"2022-05-17T18:40:33","date_gmt":"2022-05-17T16:40:33","guid":{"rendered":"https:\/\/agora.xtec.cat\/ieslajonquera\/?p=3812"},"modified":"2022-07-19T17:21:47","modified_gmt":"2022-07-19T15:21:47","slug":"excursio-a-santa-llucia","status":"publish","type":"post","link":"https:\/\/agora.xtec.cat\/ieslajonquera\/general\/excursio-a-santa-llucia\/","title":{"rendered":"Excursi\u00f3 a Santa Ll\u00facia"},"content":{"rendered":"<p style=\"text-align: justify;\"><a href=\"https:\/\/agora.xtec.cat\/ieslajonquera\/wp-content\/uploads\/usu2014\/2022\/05\/20220516_1135451.jpg\"><img loading=\"lazy\" decoding=\"async\" class=\"size-medium wp-image-3813 alignleft\" src=\"https:\/\/agora.xtec.cat\/ieslajonquera\/wp-content\/uploads\/usu2014\/2022\/05\/20220516_1135451-300x225.jpg\" alt=\"\" width=\"300\" height=\"225\" \/><\/a>L&#8217;alumnat d&#8217;Aula d&#8217;Acollida va anar d&#8217;excursi\u00f3 a Santa Ll\u00facia el passat 16 de maig. Un cop a l&#8217;ermita, van esmorzar, van tenir una estona de joc lliure, van fer jocs de cucanya organitzats per les dues professores que els acompanyaven i es van refrescar a la font.<\/p>\n<p style=\"text-align: justify;\">Es tractava de fer el mateix cam\u00ed que molts jonquerencs fan cada any, donar-los a con\u00e8ixer un dels indrets m\u00e9s destacats del terme municipal i cohesionar el grup mitjan\u00e7ant jocs com ara: fet i amagar, el mocador o la recerca del tresor amagat.<\/p>\n<p>Podeu veure m\u00e9s fotos de la sortida <a href=\"https:\/\/drive.google.com\/drive\/folders\/17vTkrDvmhZmKd36Uwb8xqgTL_dzlChUW?usp=sharing\">aqu\u00ed<\/a>.<\/p>\n<p>&nbsp;<\/p>\n","protected":false},"excerpt":{"rendered":"<p><a href=\"https:\/\/agora.xtec.cat\/ieslajonquera\/wp-content\/uploads\/usu2014\/2022\/05\/20220516_1135451.jpg\"><\/a>L&#8217;alumnat d&#8217;Aula d&#8217;Acollida va anar d&#8217;excursi\u00f3 a Santa Ll\u00facia el passat 16 de maig. Un cop a l&#8217;ermita, van esmorzar, van tenir una estona de joc lliure, van fer jocs de cucanya organitzats per les dues professores que els acompanyaven i es van refrescar&hellip;  <a href=\"https:\/\/agora.xtec.cat\/ieslajonquera\/general\/excursio-a-santa-llucia\/\" title=\"Read Excursi\u00f3 a Santa Ll\u00facia\">Llegeix m\u00e9s\u00bb<\/a><\/p>\n","protected":false},"author":3,"featured_media":4017,"comment_status":"open","ping_status":"closed","sticky":false,"template":"","format":"standard","meta":{"_bbp_topic_count":0,"_bbp_reply_count":0,"_bbp_total_topic_count":0,"_bbp_total_reply_count":0,"_bbp_voice_count":0,"_bbp_anonymous_reply_count":0,"_bbp_topic_count_hidden":0,"_bbp_reply_count_hidden":0,"_bbp_forum_subforum_count":0,"footnotes":""},"categories":[3,1],"tags":[151,120,137,39],"class_list":["post-3812","post","type-post","status-publish","format-standard","has-post-thumbnail","hentry","category-eso","category-general","tag-aula-dacollida","tag-convivencia","tag-jocs","tag-sortides"],"post_mailing_queue_ids":[],"_links":{"self":[{"href":"https:\/\/agora.xtec.cat\/ieslajonquera\/wp-json\/wp\/v2\/posts\/3812","targetHints":{"allow":["GET"]}}],"collection":[{"href":"https:\/\/agora.xtec.cat\/ieslajonquera\/wp-json\/wp\/v2\/posts"}],"about":[{"href":"https:\/\/agora.xtec.cat\/ieslajonquera\/wp-json\/wp\/v2\/types\/post"}],"author":[{"embeddable":true,"href":"https:\/\/agora.xtec.cat\/ieslajonquera\/wp-json\/wp\/v2\/users\/3"}],"replies":[{"embeddable":true,"href":"https:\/\/agora.xtec.cat\/ieslajonquera\/wp-json\/wp\/v2\/comments?post=3812"}],"version-history":[{"count":2,"href":"https:\/\/agora.xtec.cat\/ieslajonquera\/wp-json\/wp\/v2\/posts\/3812\/revisions"}],"predecessor-version":[{"id":3815,"href":"https:\/\/agora.xtec.cat\/ieslajonquera\/wp-json\/wp\/v2\/posts\/3812\/revisions\/3815"}],"wp:featuredmedia":[{"embeddable":true,"href":"https:\/\/agora.xtec.cat\/ieslajonquera\/wp-json\/wp\/v2\/media\/4017"}],"wp:attachment":[{"href":"https:\/\/agora.xtec.cat\/ieslajonquera\/wp-json\/wp\/v2\/media?parent=3812"}],"wp:term":[{"taxonomy":"category","embeddable":true,"href":"https:\/\/agora.xtec.cat\/ieslajonquera\/wp-json\/wp\/v2\/categories?post=3812"},{"taxonomy":"post_tag","embeddable":true,"href":"https:\/\/agora.xtec.cat\/ieslajonquera\/wp-json\/wp\/v2\/tags?post=3812"}],"curies":[{"name":"wp","href":"https:\/\/api.w.org\/{rel}","templated":true}]}}