{"id":3806,"date":"2022-05-13T20:33:07","date_gmt":"2022-05-13T18:33:07","guid":{"rendered":"https:\/\/agora.xtec.cat\/ieslajonquera\/?p=3806"},"modified":"2022-05-13T20:33:07","modified_gmt":"2022-05-13T18:33:07","slug":"visita-al-centre-de-tractament-de-residus","status":"publish","type":"post","link":"https:\/\/agora.xtec.cat\/ieslajonquera\/general\/visita-al-centre-de-tractament-de-residus\/","title":{"rendered":"Visita al Centre de Tractament de Residus"},"content":{"rendered":"<p><a href=\"https:\/\/agora.xtec.cat\/ieslajonquera\/wp-content\/uploads\/usu2014\/2022\/05\/IMG-20220513-WA0009.jpg\"><img loading=\"lazy\" decoding=\"async\" class=\"size-medium wp-image-3807 alignleft\" src=\"https:\/\/agora.xtec.cat\/ieslajonquera\/wp-content\/uploads\/usu2014\/2022\/05\/IMG-20220513-WA0009-300x225.jpg\" alt=\"\" width=\"300\" height=\"225\" \/><\/a>L&#8217;alumnat de 2n d&#8217;ESO ha visitat el CTR (Centre de Tractament de Residus) de Pedret i Marz\u00e0 per tal de prendre consci\u00e8ncia de la necessitat de reciclar i aix\u00ed evitar el tractament de la gran quantitat de residus que es generen a l&#8217;Alt Empord\u00e0.<\/p>\n","protected":false},"excerpt":{"rendered":"<p><a href=\"https:\/\/agora.xtec.cat\/ieslajonquera\/wp-content\/uploads\/usu2014\/2022\/05\/IMG-20220513-WA0009.jpg\"><\/a>L&#8217;alumnat de 2n d&#8217;ESO ha visitat el CTR (Centre de Tractament de Residus) de Pedret i Marz\u00e0 per tal de prendre consci\u00e8ncia de la necessitat de reciclar i aix\u00ed evitar el tractament de la gran quantitat de residus que es generen a l&#8217;Alt Empord\u00e0.<\/p>\n","protected":false},"author":3,"featured_media":0,"comment_status":"open","ping_status":"closed","sticky":false,"template":"","format":"standard","meta":{"_bbp_topic_count":0,"_bbp_reply_count":0,"_bbp_total_topic_count":0,"_bbp_total_reply_count":0,"_bbp_voice_count":0,"_bbp_anonymous_reply_count":0,"_bbp_topic_count_hidden":0,"_bbp_reply_count_hidden":0,"_bbp_forum_subforum_count":0,"footnotes":""},"categories":[5,3,1],"tags":[39,128],"class_list":["post-3806","post","type-post","status-publish","format-standard","hentry","category-eso-2","category-eso","category-general","tag-sortides","tag-sostenibilitat"],"post_mailing_queue_ids":[],"_links":{"self":[{"href":"https:\/\/agora.xtec.cat\/ieslajonquera\/wp-json\/wp\/v2\/posts\/3806","targetHints":{"allow":["GET"]}}],"collection":[{"href":"https:\/\/agora.xtec.cat\/ieslajonquera\/wp-json\/wp\/v2\/posts"}],"about":[{"href":"https:\/\/agora.xtec.cat\/ieslajonquera\/wp-json\/wp\/v2\/types\/post"}],"author":[{"embeddable":true,"href":"https:\/\/agora.xtec.cat\/ieslajonquera\/wp-json\/wp\/v2\/users\/3"}],"replies":[{"embeddable":true,"href":"https:\/\/agora.xtec.cat\/ieslajonquera\/wp-json\/wp\/v2\/comments?post=3806"}],"version-history":[{"count":1,"href":"https:\/\/agora.xtec.cat\/ieslajonquera\/wp-json\/wp\/v2\/posts\/3806\/revisions"}],"predecessor-version":[{"id":3808,"href":"https:\/\/agora.xtec.cat\/ieslajonquera\/wp-json\/wp\/v2\/posts\/3806\/revisions\/3808"}],"wp:attachment":[{"href":"https:\/\/agora.xtec.cat\/ieslajonquera\/wp-json\/wp\/v2\/media?parent=3806"}],"wp:term":[{"taxonomy":"category","embeddable":true,"href":"https:\/\/agora.xtec.cat\/ieslajonquera\/wp-json\/wp\/v2\/categories?post=3806"},{"taxonomy":"post_tag","embeddable":true,"href":"https:\/\/agora.xtec.cat\/ieslajonquera\/wp-json\/wp\/v2\/tags?post=3806"}],"curies":[{"name":"wp","href":"https:\/\/api.w.org\/{rel}","templated":true}]}}