{"id":3799,"date":"2022-05-13T19:58:09","date_gmt":"2022-05-13T17:58:09","guid":{"rendered":"https:\/\/agora.xtec.cat\/ieslajonquera\/?p=3799"},"modified":"2022-05-13T19:58:09","modified_gmt":"2022-05-13T17:58:09","slug":"tallers-de-rap-a-catala","status":"publish","type":"post","link":"https:\/\/agora.xtec.cat\/ieslajonquera\/general\/tallers-de-rap-a-catala\/","title":{"rendered":"Tallers de rap a Catal\u00e0"},"content":{"rendered":"<p style=\"text-align: justify;\"><a href=\"https:\/\/agora.xtec.cat\/ieslajonquera\/wp-content\/uploads\/usu2014\/2022\/05\/20220512_1239271.jpg\"><img loading=\"lazy\" decoding=\"async\" class=\"size-medium wp-image-3800 alignleft\" src=\"https:\/\/agora.xtec.cat\/ieslajonquera\/wp-content\/uploads\/usu2014\/2022\/05\/20220512_1239271-300x225.jpg\" alt=\"\" width=\"300\" height=\"225\" \/><\/a>Despr\u00e9s de l&#8217;\u00e8xit de la proposta educativa dels tallers de rap de l&#8217;escola popular itinerant Versembrant que l&#8217;Ajuntament de la Jonquera ens va subvencionar el curs passat, aquest any els hem tornat a sol\u00b7licitar i ens els han concedit de nou.<\/p>\n<p style=\"text-align: justify;\">Aquesta proposta es du a terme des de la mat\u00e8ria de Catal\u00e0 i consta de tres sessions per a cada grup: 4t A, 4t B1 i 4t B2. Les dues primeres sessions s\u00f3n de taller de rap i es fan en un bloc de dues hores; la tercera sessi\u00f3 \u00e9s l&#8217;enregistrament, i es du a terme al llarg d&#8217;un mat\u00ed en grups de 4-5 alumnes en una aula a part.<\/p>\n","protected":false},"excerpt":{"rendered":"<p><a href=\"https:\/\/agora.xtec.cat\/ieslajonquera\/wp-content\/uploads\/usu2014\/2022\/05\/20220512_1239271.jpg\"><\/a>Despr\u00e9s de l&#8217;\u00e8xit de la proposta educativa dels tallers de rap de l&#8217;escola popular itinerant Versembrant que l&#8217;Ajuntament de la Jonquera ens va subvencionar el curs passat, aquest any els hem tornat a sol\u00b7licitar i ens els han concedit de nou.<br \/>\nAquesta proposta es du&hellip;  <a href=\"https:\/\/agora.xtec.cat\/ieslajonquera\/general\/tallers-de-rap-a-catala\/\" title=\"Read Tallers de rap a Catal\u00e0\">Llegeix m\u00e9s\u00bb<\/a><\/p>\n","protected":false},"author":3,"featured_media":0,"comment_status":"open","ping_status":"closed","sticky":false,"template":"","format":"standard","meta":{"_bbp_topic_count":0,"_bbp_reply_count":0,"_bbp_total_topic_count":0,"_bbp_total_reply_count":0,"_bbp_voice_count":0,"_bbp_anonymous_reply_count":0,"_bbp_topic_count_hidden":0,"_bbp_reply_count_hidden":0,"_bbp_forum_subforum_count":0,"footnotes":""},"categories":[7,3,1],"tags":[43,124,109],"class_list":["post-3799","post","type-post","status-publish","format-standard","hentry","category-eso-4","category-eso","category-general","tag-expressio-oral","tag-literatura","tag-musica"],"post_mailing_queue_ids":[],"_links":{"self":[{"href":"https:\/\/agora.xtec.cat\/ieslajonquera\/wp-json\/wp\/v2\/posts\/3799","targetHints":{"allow":["GET"]}}],"collection":[{"href":"https:\/\/agora.xtec.cat\/ieslajonquera\/wp-json\/wp\/v2\/posts"}],"about":[{"href":"https:\/\/agora.xtec.cat\/ieslajonquera\/wp-json\/wp\/v2\/types\/post"}],"author":[{"embeddable":true,"href":"https:\/\/agora.xtec.cat\/ieslajonquera\/wp-json\/wp\/v2\/users\/3"}],"replies":[{"embeddable":true,"href":"https:\/\/agora.xtec.cat\/ieslajonquera\/wp-json\/wp\/v2\/comments?post=3799"}],"version-history":[{"count":1,"href":"https:\/\/agora.xtec.cat\/ieslajonquera\/wp-json\/wp\/v2\/posts\/3799\/revisions"}],"predecessor-version":[{"id":3801,"href":"https:\/\/agora.xtec.cat\/ieslajonquera\/wp-json\/wp\/v2\/posts\/3799\/revisions\/3801"}],"wp:attachment":[{"href":"https:\/\/agora.xtec.cat\/ieslajonquera\/wp-json\/wp\/v2\/media?parent=3799"}],"wp:term":[{"taxonomy":"category","embeddable":true,"href":"https:\/\/agora.xtec.cat\/ieslajonquera\/wp-json\/wp\/v2\/categories?post=3799"},{"taxonomy":"post_tag","embeddable":true,"href":"https:\/\/agora.xtec.cat\/ieslajonquera\/wp-json\/wp\/v2\/tags?post=3799"}],"curies":[{"name":"wp","href":"https:\/\/api.w.org\/{rel}","templated":true}]}}