{"id":3762,"date":"2022-05-02T13:10:48","date_gmt":"2022-05-02T11:10:48","guid":{"rendered":"https:\/\/agora.xtec.cat\/ieslajonquera\/?p=3762"},"modified":"2022-07-19T17:09:25","modified_gmt":"2022-07-19T15:09:25","slug":"quarta-sessio-del-club-de-lectura-2","status":"publish","type":"post","link":"https:\/\/agora.xtec.cat\/ieslajonquera\/general\/quarta-sessio-del-club-de-lectura-2\/","title":{"rendered":"Quarta sessi\u00f3 del Club de Lectura"},"content":{"rendered":"<p style=\"text-align: justify;\"><a href=\"https:\/\/agora.xtec.cat\/ieslajonquera\/wp-content\/uploads\/usu2014\/2022\/05\/20220426_120744-1.jpg\"><img loading=\"lazy\" decoding=\"async\" class=\"size-medium wp-image-3763 alignleft\" src=\"https:\/\/agora.xtec.cat\/ieslajonquera\/wp-content\/uploads\/usu2014\/2022\/05\/20220426_120744-1-300x225.jpg\" alt=\"\" width=\"300\" height=\"225\" \/><\/a>La quarta sessi\u00f3 del Club de Lectura ha estat dedicada a la novel\u00b7la <em>Veritat<\/em>, de Care Santos. Es tracta del segon volum d&#8217;una trilogia (juntament amb <em>Mentida<\/em> i <em>Por<\/em>) en qu\u00e8 el protagonista passa de l&#8217;adolesc\u00e8ncia a l&#8217;edat adulta entre la literatura i la dura realitat social que l&#8217;envolta.<\/p>\n<p style=\"text-align: justify;\">Care Santos \u00e9s l&#8217;escriptora convidada a la Trobada de Clubs de Lectura de Secund\u00e0ria de l&#8217;Alt Empord\u00e0, que se celebrar\u00e0 el proper 13 de maig al Teatre Jard\u00ed de Figueres.<\/p>\n<p>&nbsp;<\/p>\n","protected":false},"excerpt":{"rendered":"<p><a href=\"https:\/\/agora.xtec.cat\/ieslajonquera\/wp-content\/uploads\/usu2014\/2022\/05\/20220426_120744-1.jpg\"><\/a>La quarta sessi\u00f3 del Club de Lectura ha estat dedicada a la novel\u00b7la Veritat, de Care Santos. Es tracta del segon volum d&#8217;una trilogia (juntament amb Mentida i Por) en qu\u00e8 el protagonista passa de l&#8217;adolesc\u00e8ncia a l&#8217;edat adulta entre la literatura i la&hellip;  <a href=\"https:\/\/agora.xtec.cat\/ieslajonquera\/general\/quarta-sessio-del-club-de-lectura-2\/\" title=\"Read Quarta sessi\u00f3 del Club de Lectura\">Llegeix m\u00e9s\u00bb<\/a><\/p>\n","protected":false},"author":3,"featured_media":4011,"comment_status":"open","ping_status":"closed","sticky":false,"template":"","format":"standard","meta":{"_bbp_topic_count":0,"_bbp_reply_count":0,"_bbp_total_topic_count":0,"_bbp_total_reply_count":0,"_bbp_voice_count":0,"_bbp_anonymous_reply_count":0,"_bbp_topic_count_hidden":0,"_bbp_reply_count_hidden":0,"_bbp_forum_subforum_count":0,"footnotes":""},"categories":[140,1],"tags":[113,114,124],"class_list":["post-3762","post","type-post","status-publish","format-standard","has-post-thumbnail","hentry","category-club-de-lectura","category-general","tag-biblioteca","tag-lectura","tag-literatura"],"post_mailing_queue_ids":[],"_links":{"self":[{"href":"https:\/\/agora.xtec.cat\/ieslajonquera\/wp-json\/wp\/v2\/posts\/3762","targetHints":{"allow":["GET"]}}],"collection":[{"href":"https:\/\/agora.xtec.cat\/ieslajonquera\/wp-json\/wp\/v2\/posts"}],"about":[{"href":"https:\/\/agora.xtec.cat\/ieslajonquera\/wp-json\/wp\/v2\/types\/post"}],"author":[{"embeddable":true,"href":"https:\/\/agora.xtec.cat\/ieslajonquera\/wp-json\/wp\/v2\/users\/3"}],"replies":[{"embeddable":true,"href":"https:\/\/agora.xtec.cat\/ieslajonquera\/wp-json\/wp\/v2\/comments?post=3762"}],"version-history":[{"count":1,"href":"https:\/\/agora.xtec.cat\/ieslajonquera\/wp-json\/wp\/v2\/posts\/3762\/revisions"}],"predecessor-version":[{"id":3764,"href":"https:\/\/agora.xtec.cat\/ieslajonquera\/wp-json\/wp\/v2\/posts\/3762\/revisions\/3764"}],"wp:featuredmedia":[{"embeddable":true,"href":"https:\/\/agora.xtec.cat\/ieslajonquera\/wp-json\/wp\/v2\/media\/4011"}],"wp:attachment":[{"href":"https:\/\/agora.xtec.cat\/ieslajonquera\/wp-json\/wp\/v2\/media?parent=3762"}],"wp:term":[{"taxonomy":"category","embeddable":true,"href":"https:\/\/agora.xtec.cat\/ieslajonquera\/wp-json\/wp\/v2\/categories?post=3762"},{"taxonomy":"post_tag","embeddable":true,"href":"https:\/\/agora.xtec.cat\/ieslajonquera\/wp-json\/wp\/v2\/tags?post=3762"}],"curies":[{"name":"wp","href":"https:\/\/api.w.org\/{rel}","templated":true}]}}