{"id":3748,"date":"2022-05-02T12:48:56","date_gmt":"2022-05-02T10:48:56","guid":{"rendered":"https:\/\/agora.xtec.cat\/ieslajonquera\/?p=3748"},"modified":"2022-05-02T12:48:56","modified_gmt":"2022-05-02T10:48:56","slug":"taller-practic-amb-el-mobil-a-4t-deso","status":"publish","type":"post","link":"https:\/\/agora.xtec.cat\/ieslajonquera\/general\/taller-practic-amb-el-mobil-a-4t-deso\/","title":{"rendered":"Taller pr\u00e0ctic amb el m\u00f2bil a 4t d&#8217;ESO"},"content":{"rendered":"<p><a href=\"https:\/\/agora.xtec.cat\/ieslajonquera\/wp-content\/uploads\/usu2014\/2022\/04\/IMG-20220428-WA0002.jpg\"><img loading=\"lazy\" decoding=\"async\" class=\"size-medium wp-image-3755 alignleft\" src=\"https:\/\/agora.xtec.cat\/ieslajonquera\/wp-content\/uploads\/usu2014\/2022\/04\/IMG-20220428-WA0002-300x225.jpg\" alt=\"\" width=\"300\" height=\"225\" \/><\/a>Taller pr\u00e0ctic amb el m\u00f2bil a 4t d&#8217;ESO, a la mat\u00e8ria de Tecnologia. L&#8217;activitat forma part del projecte &#8220;Reutilitzem el m\u00f2bil per reiniciar el sistema!&#8221;, de l&#8217;Agencia de Residus i els Sistemes Col\u00b7lectius de Responsabilitat Ampliada del Productor (SCRAP).<\/p>\n","protected":false},"excerpt":{"rendered":"<p><a href=\"https:\/\/agora.xtec.cat\/ieslajonquera\/wp-content\/uploads\/usu2014\/2022\/04\/IMG-20220428-WA0002.jpg\"><\/a>Taller pr\u00e0ctic amb el m\u00f2bil a 4t d&#8217;ESO, a la mat\u00e8ria de Tecnologia. L&#8217;activitat forma part del projecte &#8220;Reutilitzem el m\u00f2bil per reiniciar el sistema!&#8221;, de l&#8217;Agencia de Residus i els Sistemes Col\u00b7lectius de Responsabilitat Ampliada del Productor (SCRAP).<\/p>\n","protected":false},"author":3,"featured_media":0,"comment_status":"open","ping_status":"closed","sticky":false,"template":"","format":"standard","meta":{"_bbp_topic_count":0,"_bbp_reply_count":0,"_bbp_total_topic_count":0,"_bbp_total_reply_count":0,"_bbp_voice_count":0,"_bbp_anonymous_reply_count":0,"_bbp_topic_count_hidden":0,"_bbp_reply_count_hidden":0,"_bbp_forum_subforum_count":0,"footnotes":""},"categories":[7,1],"tags":[128,58,138],"class_list":["post-3748","post","type-post","status-publish","format-standard","hentry","category-eso-4","category-general","tag-sostenibilitat","tag-tallers","tag-tecnologia"],"post_mailing_queue_ids":[],"_links":{"self":[{"href":"https:\/\/agora.xtec.cat\/ieslajonquera\/wp-json\/wp\/v2\/posts\/3748","targetHints":{"allow":["GET"]}}],"collection":[{"href":"https:\/\/agora.xtec.cat\/ieslajonquera\/wp-json\/wp\/v2\/posts"}],"about":[{"href":"https:\/\/agora.xtec.cat\/ieslajonquera\/wp-json\/wp\/v2\/types\/post"}],"author":[{"embeddable":true,"href":"https:\/\/agora.xtec.cat\/ieslajonquera\/wp-json\/wp\/v2\/users\/3"}],"replies":[{"embeddable":true,"href":"https:\/\/agora.xtec.cat\/ieslajonquera\/wp-json\/wp\/v2\/comments?post=3748"}],"version-history":[{"count":2,"href":"https:\/\/agora.xtec.cat\/ieslajonquera\/wp-json\/wp\/v2\/posts\/3748\/revisions"}],"predecessor-version":[{"id":3757,"href":"https:\/\/agora.xtec.cat\/ieslajonquera\/wp-json\/wp\/v2\/posts\/3748\/revisions\/3757"}],"wp:attachment":[{"href":"https:\/\/agora.xtec.cat\/ieslajonquera\/wp-json\/wp\/v2\/media?parent=3748"}],"wp:term":[{"taxonomy":"category","embeddable":true,"href":"https:\/\/agora.xtec.cat\/ieslajonquera\/wp-json\/wp\/v2\/categories?post=3748"},{"taxonomy":"post_tag","embeddable":true,"href":"https:\/\/agora.xtec.cat\/ieslajonquera\/wp-json\/wp\/v2\/tags?post=3748"}],"curies":[{"name":"wp","href":"https:\/\/api.w.org\/{rel}","templated":true}]}}