{"id":3733,"date":"2022-04-26T19:01:59","date_gmt":"2022-04-26T17:01:59","guid":{"rendered":"https:\/\/agora.xtec.cat\/ieslajonquera\/?p=3733"},"modified":"2022-07-19T17:30:42","modified_gmt":"2022-07-19T15:30:42","slug":"projecte-rius-mostres-de-primavera","status":"publish","type":"post","link":"https:\/\/agora.xtec.cat\/ieslajonquera\/general\/projecte-rius-mostres-de-primavera\/","title":{"rendered":"Projecte Rius: Mostres de primavera"},"content":{"rendered":"<p style=\"text-align: justify;\"><a href=\"https:\/\/agora.xtec.cat\/ieslajonquera\/wp-content\/uploads\/usu2014\/2022\/04\/IMG-20220425-WA0004.jpg\"><img loading=\"lazy\" decoding=\"async\" class=\"size-medium wp-image-3735 alignleft\" src=\"https:\/\/agora.xtec.cat\/ieslajonquera\/wp-content\/uploads\/usu2014\/2022\/04\/IMG-20220425-WA0004-225x300.jpg\" alt=\"\" width=\"225\" height=\"300\" \/><\/a>L\u2019Institut de La Jonquera participa en el Projecte Rius i avui els alumnes de 3r d\u2019ESO B de Biologia i F\u00edsica i Qu\u00edmica han anat al riu Llobregat d\u2019Empord\u00e0 (La Jonquera), a agafar les <a href=\"https:\/\/drive.google.com\/drive\/folders\/1nNxpLRN4-EIYijRFUWK8nRjMPUuMuwwY?usp=sharing\">segones mostres del curs<\/a>, les de primavera (les primeres la van agafar a la tardor).<\/p>\n<p style=\"text-align: justify;\">Han fet el seguiment ecol\u00f2gic de la zona a partir de diferents mesures i indicadors que avaluen aspectes hidromorfol\u00f2gics, fisicoqu\u00edmics i biol\u00f2gics com per exemple: mesurar el PH de l\u2019aigua, l\u2019oxigen dissolt, la terbolesa, etc. identificar esp\u00e8cies vegetals, de macroinvertebrats, etc.<\/p>\n<p style=\"text-align: justify;\">\n","protected":false},"excerpt":{"rendered":"<p><a href=\"https:\/\/agora.xtec.cat\/ieslajonquera\/wp-content\/uploads\/usu2014\/2022\/04\/IMG-20220425-WA0004.jpg\"><\/a>L\u2019Institut de La Jonquera participa en el Projecte Rius i avui els alumnes de 3r d\u2019ESO B de Biologia i F\u00edsica i Qu\u00edmica han anat al riu Llobregat d\u2019Empord\u00e0 (La Jonquera), a agafar les <a href=\"https:\/\/drive.google.com\/drive\/folders\/1nNxpLRN4-EIYijRFUWK8nRjMPUuMuwwY?usp=sharing\">segones mostres del curs<\/a>, les de primavera (les primeres&hellip;  <a href=\"https:\/\/agora.xtec.cat\/ieslajonquera\/general\/projecte-rius-mostres-de-primavera\/\" title=\"Read Projecte Rius: Mostres de primavera\">Llegeix m\u00e9s\u00bb<\/a><\/p>\n","protected":false},"author":3,"featured_media":4023,"comment_status":"open","ping_status":"closed","sticky":false,"template":"","format":"standard","meta":{"_bbp_topic_count":0,"_bbp_reply_count":0,"_bbp_total_topic_count":0,"_bbp_total_reply_count":0,"_bbp_voice_count":0,"_bbp_anonymous_reply_count":0,"_bbp_topic_count_hidden":0,"_bbp_reply_count_hidden":0,"_bbp_forum_subforum_count":0,"footnotes":""},"categories":[6,1],"tags":[143,147,132,136],"class_list":["post-3733","post","type-post","status-publish","format-standard","has-post-thumbnail","hentry","category-eso-3","category-general","tag-ciencia","tag-naturals","tag-projectes","tag-quimica"],"post_mailing_queue_ids":[],"_links":{"self":[{"href":"https:\/\/agora.xtec.cat\/ieslajonquera\/wp-json\/wp\/v2\/posts\/3733","targetHints":{"allow":["GET"]}}],"collection":[{"href":"https:\/\/agora.xtec.cat\/ieslajonquera\/wp-json\/wp\/v2\/posts"}],"about":[{"href":"https:\/\/agora.xtec.cat\/ieslajonquera\/wp-json\/wp\/v2\/types\/post"}],"author":[{"embeddable":true,"href":"https:\/\/agora.xtec.cat\/ieslajonquera\/wp-json\/wp\/v2\/users\/3"}],"replies":[{"embeddable":true,"href":"https:\/\/agora.xtec.cat\/ieslajonquera\/wp-json\/wp\/v2\/comments?post=3733"}],"version-history":[{"count":2,"href":"https:\/\/agora.xtec.cat\/ieslajonquera\/wp-json\/wp\/v2\/posts\/3733\/revisions"}],"predecessor-version":[{"id":3736,"href":"https:\/\/agora.xtec.cat\/ieslajonquera\/wp-json\/wp\/v2\/posts\/3733\/revisions\/3736"}],"wp:featuredmedia":[{"embeddable":true,"href":"https:\/\/agora.xtec.cat\/ieslajonquera\/wp-json\/wp\/v2\/media\/4023"}],"wp:attachment":[{"href":"https:\/\/agora.xtec.cat\/ieslajonquera\/wp-json\/wp\/v2\/media?parent=3733"}],"wp:term":[{"taxonomy":"category","embeddable":true,"href":"https:\/\/agora.xtec.cat\/ieslajonquera\/wp-json\/wp\/v2\/categories?post=3733"},{"taxonomy":"post_tag","embeddable":true,"href":"https:\/\/agora.xtec.cat\/ieslajonquera\/wp-json\/wp\/v2\/tags?post=3733"}],"curies":[{"name":"wp","href":"https:\/\/api.w.org\/{rel}","templated":true}]}}