{"id":3731,"date":"2022-04-26T18:44:34","date_gmt":"2022-04-26T16:44:34","guid":{"rendered":"https:\/\/agora.xtec.cat\/ieslajonquera\/?p=3731"},"modified":"2022-04-26T18:44:34","modified_gmt":"2022-04-26T16:44:34","slug":"xerrada-sobre-els-tca-a-2n-deso","status":"publish","type":"post","link":"https:\/\/agora.xtec.cat\/ieslajonquera\/general\/xerrada-sobre-els-tca-a-2n-deso\/","title":{"rendered":"Xerrada sobre els TCA a 2n d&#8217;ESO"},"content":{"rendered":"<p style=\"text-align: justify;\">Xerrada sobre els Transtorns de Conducta Aliment\u00e0ria (TCA) i l&#8217;exposici\u00f3 a les xarxes socials a 2n d&#8217;ESO, a c\u00e0rrec de la fot\u00f2grafa i autora del llibre <em>51 kilos menos<\/em> Mai Oltra. <a href=\"https:\/\/agora.xtec.cat\/ieslajonquera\/wp-content\/uploads\/usu2014\/2022\/04\/20220421_1319532-rotated.jpg\"><img loading=\"lazy\" decoding=\"async\" class=\"size-medium wp-image-3740 alignleft\" src=\"https:\/\/agora.xtec.cat\/ieslajonquera\/wp-content\/uploads\/usu2014\/2022\/04\/20220421_1319532-225x300.jpg\" alt=\"\" width=\"225\" height=\"300\" \/><\/a><\/p>\n","protected":false},"excerpt":{"rendered":"<p>Xerrada sobre els Transtorns de Conducta Aliment\u00e0ria (TCA) i l&#8217;exposici\u00f3 a les xarxes socials a 2n d&#8217;ESO, a c\u00e0rrec de la fot\u00f2grafa i autora del llibre 51 kilos menos Mai Oltra. <a href=\"https:\/\/agora.xtec.cat\/ieslajonquera\/wp-content\/uploads\/usu2014\/2022\/04\/20220421_1319532-rotated.jpg\"><\/a><\/p>\n","protected":false},"author":3,"featured_media":0,"comment_status":"open","ping_status":"closed","sticky":false,"template":"","format":"standard","meta":{"_bbp_topic_count":0,"_bbp_reply_count":0,"_bbp_total_topic_count":0,"_bbp_total_reply_count":0,"_bbp_voice_count":0,"_bbp_anonymous_reply_count":0,"_bbp_topic_count_hidden":0,"_bbp_reply_count_hidden":0,"_bbp_forum_subforum_count":0,"footnotes":""},"categories":[5,1],"tags":[45,115,44],"class_list":["post-3731","post","type-post","status-publish","format-standard","hentry","category-eso-2","category-general","tag-salut","tag-xarxes-socials","tag-xerrades"],"post_mailing_queue_ids":[],"_links":{"self":[{"href":"https:\/\/agora.xtec.cat\/ieslajonquera\/wp-json\/wp\/v2\/posts\/3731","targetHints":{"allow":["GET"]}}],"collection":[{"href":"https:\/\/agora.xtec.cat\/ieslajonquera\/wp-json\/wp\/v2\/posts"}],"about":[{"href":"https:\/\/agora.xtec.cat\/ieslajonquera\/wp-json\/wp\/v2\/types\/post"}],"author":[{"embeddable":true,"href":"https:\/\/agora.xtec.cat\/ieslajonquera\/wp-json\/wp\/v2\/users\/3"}],"replies":[{"embeddable":true,"href":"https:\/\/agora.xtec.cat\/ieslajonquera\/wp-json\/wp\/v2\/comments?post=3731"}],"version-history":[{"count":2,"href":"https:\/\/agora.xtec.cat\/ieslajonquera\/wp-json\/wp\/v2\/posts\/3731\/revisions"}],"predecessor-version":[{"id":3741,"href":"https:\/\/agora.xtec.cat\/ieslajonquera\/wp-json\/wp\/v2\/posts\/3731\/revisions\/3741"}],"wp:attachment":[{"href":"https:\/\/agora.xtec.cat\/ieslajonquera\/wp-json\/wp\/v2\/media?parent=3731"}],"wp:term":[{"taxonomy":"category","embeddable":true,"href":"https:\/\/agora.xtec.cat\/ieslajonquera\/wp-json\/wp\/v2\/categories?post=3731"},{"taxonomy":"post_tag","embeddable":true,"href":"https:\/\/agora.xtec.cat\/ieslajonquera\/wp-json\/wp\/v2\/tags?post=3731"}],"curies":[{"name":"wp","href":"https:\/\/api.w.org\/{rel}","templated":true}]}}