{"id":3729,"date":"2022-04-26T18:48:59","date_gmt":"2022-04-26T16:48:59","guid":{"rendered":"https:\/\/agora.xtec.cat\/ieslajonquera\/?p=3729"},"modified":"2022-07-19T17:32:36","modified_gmt":"2022-07-19T15:32:36","slug":"xerrada-taller-on-off-a-1r-deso","status":"publish","type":"post","link":"https:\/\/agora.xtec.cat\/ieslajonquera\/general\/xerrada-taller-on-off-a-1r-deso\/","title":{"rendered":"Xerrada-taller &#8220;On-Off&#8221; a 1r d&#8217;ESO"},"content":{"rendered":"<p><a href=\"https:\/\/agora.xtec.cat\/ieslajonquera\/wp-content\/uploads\/usu2014\/2022\/04\/20220421_1035501.jpg\"><img loading=\"lazy\" decoding=\"async\" class=\"size-medium wp-image-3742 alignleft\" src=\"https:\/\/agora.xtec.cat\/ieslajonquera\/wp-content\/uploads\/usu2014\/2022\/04\/20220421_1035501-300x225.jpg\" alt=\"\" width=\"300\" height=\"225\" \/><\/a>L&#8217;alumnat de 1r d&#8217;ESO assisteix a una xerrada-taller sobre l&#8217;\u00fas responsable de les pantalles. Estracta de l&#8217;activitat &#8220;On-Off&#8221;, proposada per la Motxilla Pedag\u00f2gica, del Consell Comarcal de l&#8217;Alt Empord\u00e0.<\/p>\n","protected":false},"excerpt":{"rendered":"<p><a href=\"https:\/\/agora.xtec.cat\/ieslajonquera\/wp-content\/uploads\/usu2014\/2022\/04\/20220421_1035501.jpg\"><\/a>L&#8217;alumnat de 1r d&#8217;ESO assisteix a una xerrada-taller sobre l&#8217;\u00fas responsable de les pantalles. Estracta de l&#8217;activitat &#8220;On-Off&#8221;, proposada per la Motxilla Pedag\u00f2gica, del Consell Comarcal de l&#8217;Alt Empord\u00e0.<\/p>\n","protected":false},"author":3,"featured_media":4024,"comment_status":"open","ping_status":"closed","sticky":false,"template":"","format":"standard","meta":{"_bbp_topic_count":0,"_bbp_reply_count":0,"_bbp_total_topic_count":0,"_bbp_total_reply_count":0,"_bbp_voice_count":0,"_bbp_anonymous_reply_count":0,"_bbp_topic_count_hidden":0,"_bbp_reply_count_hidden":0,"_bbp_forum_subforum_count":0,"footnotes":""},"categories":[4,1],"tags":[130,45,115],"class_list":["post-3729","post","type-post","status-publish","format-standard","has-post-thumbnail","hentry","category-eso-1","category-general","tag-conferencies","tag-salut","tag-xarxes-socials"],"post_mailing_queue_ids":[],"_links":{"self":[{"href":"https:\/\/agora.xtec.cat\/ieslajonquera\/wp-json\/wp\/v2\/posts\/3729","targetHints":{"allow":["GET"]}}],"collection":[{"href":"https:\/\/agora.xtec.cat\/ieslajonquera\/wp-json\/wp\/v2\/posts"}],"about":[{"href":"https:\/\/agora.xtec.cat\/ieslajonquera\/wp-json\/wp\/v2\/types\/post"}],"author":[{"embeddable":true,"href":"https:\/\/agora.xtec.cat\/ieslajonquera\/wp-json\/wp\/v2\/users\/3"}],"replies":[{"embeddable":true,"href":"https:\/\/agora.xtec.cat\/ieslajonquera\/wp-json\/wp\/v2\/comments?post=3729"}],"version-history":[{"count":3,"href":"https:\/\/agora.xtec.cat\/ieslajonquera\/wp-json\/wp\/v2\/posts\/3729\/revisions"}],"predecessor-version":[{"id":3743,"href":"https:\/\/agora.xtec.cat\/ieslajonquera\/wp-json\/wp\/v2\/posts\/3729\/revisions\/3743"}],"wp:featuredmedia":[{"embeddable":true,"href":"https:\/\/agora.xtec.cat\/ieslajonquera\/wp-json\/wp\/v2\/media\/4024"}],"wp:attachment":[{"href":"https:\/\/agora.xtec.cat\/ieslajonquera\/wp-json\/wp\/v2\/media?parent=3729"}],"wp:term":[{"taxonomy":"category","embeddable":true,"href":"https:\/\/agora.xtec.cat\/ieslajonquera\/wp-json\/wp\/v2\/categories?post=3729"},{"taxonomy":"post_tag","embeddable":true,"href":"https:\/\/agora.xtec.cat\/ieslajonquera\/wp-json\/wp\/v2\/tags?post=3729"}],"curies":[{"name":"wp","href":"https:\/\/api.w.org\/{rel}","templated":true}]}}