{"id":3727,"date":"2022-04-26T18:24:34","date_gmt":"2022-04-26T16:24:34","guid":{"rendered":"https:\/\/agora.xtec.cat\/ieslajonquera\/?p=3727"},"modified":"2022-04-26T18:26:06","modified_gmt":"2022-04-26T16:26:06","slug":"neteja-dels-bunquers-de-la-jonquera","status":"publish","type":"post","link":"https:\/\/agora.xtec.cat\/ieslajonquera\/general\/neteja-dels-bunquers-de-la-jonquera\/","title":{"rendered":"Neteja dels b\u00fanquers de la Jonquera"},"content":{"rendered":"<p style=\"text-align: justify;\"><a href=\"https:\/\/agora.xtec.cat\/ieslajonquera\/wp-content\/uploads\/usu2014\/2022\/04\/Screenshot_20220426-182204_Instagram.jpg\"><img loading=\"lazy\" decoding=\"async\" class=\"size-medium wp-image-3737 alignleft\" src=\"https:\/\/agora.xtec.cat\/ieslajonquera\/wp-content\/uploads\/usu2014\/2022\/04\/Screenshot_20220426-182204_Instagram-257x300.jpg\" alt=\"\" width=\"257\" height=\"300\" \/><\/a>Alguns alumnes de 4t d&#8217;ESO fan el Servei Comunitari en col\u00b7laboraci\u00f3 amb l&#8217;Ajuntament de la Jonquera. En Miquel Pijoan, la Marina Ribas i en Marc Pou han arranjat els accessos a dos b\u00fanquers de la Jonquera amb la regidora Llu\u00efsa Macias, ja que properament el MUME hi far\u00e0 visites guiades.<\/p>\n","protected":false},"excerpt":{"rendered":"<p><a href=\"https:\/\/agora.xtec.cat\/ieslajonquera\/wp-content\/uploads\/usu2014\/2022\/04\/Screenshot_20220426-182204_Instagram.jpg\"><\/a>Alguns alumnes de 4t d&#8217;ESO fan el Servei Comunitari en col\u00b7laboraci\u00f3 amb l&#8217;Ajuntament de la Jonquera. En Miquel Pijoan, la Marina Ribas i en Marc Pou han arranjat els accessos a dos b\u00fanquers de la Jonquera amb la regidora Llu\u00efsa Macias, ja que properament&hellip;  <a href=\"https:\/\/agora.xtec.cat\/ieslajonquera\/general\/neteja-dels-bunquers-de-la-jonquera\/\" title=\"Read Neteja dels b\u00fanquers de la Jonquera\">Llegeix m\u00e9s\u00bb<\/a><\/p>\n","protected":false},"author":3,"featured_media":0,"comment_status":"open","ping_status":"closed","sticky":false,"template":"","format":"standard","meta":{"_bbp_topic_count":0,"_bbp_reply_count":0,"_bbp_total_topic_count":0,"_bbp_total_reply_count":0,"_bbp_voice_count":0,"_bbp_anonymous_reply_count":0,"_bbp_topic_count_hidden":0,"_bbp_reply_count_hidden":0,"_bbp_forum_subforum_count":0,"footnotes":""},"categories":[7,1],"tags":[145,158],"class_list":["post-3727","post","type-post","status-publish","format-standard","hentry","category-eso-4","category-general","tag-historia","tag-servei-comunitari"],"post_mailing_queue_ids":[],"_links":{"self":[{"href":"https:\/\/agora.xtec.cat\/ieslajonquera\/wp-json\/wp\/v2\/posts\/3727","targetHints":{"allow":["GET"]}}],"collection":[{"href":"https:\/\/agora.xtec.cat\/ieslajonquera\/wp-json\/wp\/v2\/posts"}],"about":[{"href":"https:\/\/agora.xtec.cat\/ieslajonquera\/wp-json\/wp\/v2\/types\/post"}],"author":[{"embeddable":true,"href":"https:\/\/agora.xtec.cat\/ieslajonquera\/wp-json\/wp\/v2\/users\/3"}],"replies":[{"embeddable":true,"href":"https:\/\/agora.xtec.cat\/ieslajonquera\/wp-json\/wp\/v2\/comments?post=3727"}],"version-history":[{"count":2,"href":"https:\/\/agora.xtec.cat\/ieslajonquera\/wp-json\/wp\/v2\/posts\/3727\/revisions"}],"predecessor-version":[{"id":3738,"href":"https:\/\/agora.xtec.cat\/ieslajonquera\/wp-json\/wp\/v2\/posts\/3727\/revisions\/3738"}],"wp:attachment":[{"href":"https:\/\/agora.xtec.cat\/ieslajonquera\/wp-json\/wp\/v2\/media?parent=3727"}],"wp:term":[{"taxonomy":"category","embeddable":true,"href":"https:\/\/agora.xtec.cat\/ieslajonquera\/wp-json\/wp\/v2\/categories?post=3727"},{"taxonomy":"post_tag","embeddable":true,"href":"https:\/\/agora.xtec.cat\/ieslajonquera\/wp-json\/wp\/v2\/tags?post=3727"}],"curies":[{"name":"wp","href":"https:\/\/api.w.org\/{rel}","templated":true}]}}