{"id":3671,"date":"2022-04-01T18:39:13","date_gmt":"2022-04-01T16:39:13","guid":{"rendered":"https:\/\/agora.xtec.cat\/ieslajonquera\/?p=3671"},"modified":"2022-04-01T19:13:52","modified_gmt":"2022-04-01T17:13:52","slug":"visita-al-jaciment-arqueologic-dempuries","status":"publish","type":"post","link":"https:\/\/agora.xtec.cat\/ieslajonquera\/general\/visita-al-jaciment-arqueologic-dempuries\/","title":{"rendered":"Visita al jaciment arqueol\u00f2gic d&#8217;Emp\u00faries"},"content":{"rendered":"<p style=\"text-align: justify;\"><a href=\"https:\/\/agora.xtec.cat\/ieslajonquera\/wp-content\/uploads\/usu2014\/2022\/04\/IMG-20220401-WA0005.jpg\"><img loading=\"lazy\" decoding=\"async\" class=\"size-medium wp-image-3679 alignleft\" src=\"https:\/\/agora.xtec.cat\/ieslajonquera\/wp-content\/uploads\/usu2014\/2022\/04\/IMG-20220401-WA0005-300x225.jpg\" alt=\"\" width=\"300\" height=\"225\" \/><\/a>Els alumnes de Batxillerat que fan Llat\u00ed han anat a visitar el jaciment arqueol\u00f2gic d&#8217;Emp\u00faries i el museu.<\/p>\n<div class=\"custom-content\" style=\"text-align: justify;\">\n<p>Emp\u00faries \u00e9s l\u2019\u00fanic jaciment arqueol\u00f2gic de la Pen\u00ednsula Ib\u00e8rica on conviuen les restes d\u2019una ciutat grega <i>Emp\u00f2rion<\/i> amb les d\u2019una ciutat romana, <i>Emporiae<\/i>. \u00c9s tamb\u00e9 la porta d\u2019entrada de la <b>cultura cl\u00e0ssica<\/b>: 10 segles d\u2019hist\u00f2ria que van transformar per sempre els antics pobles ibers que hi habitaven.<\/p>\n<p>El primer establiment dels grecs va ser al segle VI aC en una petita illa davant de la costa del golf de Roses (<i>Palaia Polis<\/i>, ciutat antiga), tot i que despr\u00e9s es van despla\u00e7ar a terra ferma per fundar el que es coneix com la <i>Ne\u00e0polis<\/i>, ciutat nova. L\u2019any 218 aC, el port emporit\u00e0 va servir de punt d\u2019entrada a la Pen\u00ednsula per a les tropes romanes en la seva lluita contra l\u2019ex\u00e8rcit cartagin\u00e8s. Entre els segles VI aC i V dC, Emp\u00faries ha estat port, enclavament comercial, col\u00f2nia occidental de Gr\u00e8cia, primer campament rom\u00e0 de la Pen\u00ednsula, pr\u00f2spera ciutat romana&#8230;<\/p>\n<p>Les ru\u00efnes gregues actuals pertanyen a la ciutat d&#8217;\u00e8poca hel\u00b7len\u00edstica. Durant la visita hi anirem trobant els recintes d&#8217;<b>Asclepi i Serapis<\/b>, la petita ind\u00fastria on s&#8217;elaboraven conserves i salses de peix, l&#8217;<i>Agor\u00e1<\/i> o pla\u00e7a p\u00fablica i les restes de paviment d&#8217;una sala de banquets amb una inscripci\u00f3 en grec.<\/p>\n<p>D\u2019\u00e8poca romana destaca la <b>Domus 1<\/b> amb els mosaics que decoraven el terra, la <b>Insula 30<\/b> (zona ocupada per les termes p\u00fabliques de la ciutat), el <b>F\u00f2rum<\/b>, les restes de <b>la Bas\u00edlica i la C\u00faria<\/b> i les <b><i>tabernae<\/i> o botigues<\/b>.<\/p>\n<p>A mig cam\u00ed de l&#8217;itinerari es pot visitar el museu monogr\u00e0fic de les excavacions d&#8217;Emp\u00faries que custodia l\u2019excepcional escultura original d\u2019<b>Asclepi<\/b> trobada al jaciment.<\/p>\n<p>Es tracta doncs d\u2019un <b>espai privilegiat<\/b> per entendre l\u2019evoluci\u00f3 de l\u2019urbanisme grec i rom\u00e0 i un punt d\u2019inflexi\u00f3 en la hist\u00f2ria de la Pen\u00ednsula Ib\u00e8rica. Actualment \u00e9s una de les seus del <a href=\"https:\/\/patrimoni.gencat.cat\/ca\/coleccio\/museu-darqueologia-de-catalunya\">Museu d\u2019Arqueologia de Catalunya<\/a>.<\/p>\n<\/div>\n<table style=\"border-collapse: collapse; width: 98.9089%;\">\n<tbody>\n<tr>\n<td style=\"width: 27.9798%; text-align: justify;\"><a href=\"https:\/\/agora.xtec.cat\/ieslajonquera\/wp-content\/uploads\/usu2014\/2022\/04\/IMG-20220401-WA00001.jpg\"><img loading=\"lazy\" decoding=\"async\" class=\"aligncenter  wp-image-3680\" src=\"https:\/\/agora.xtec.cat\/ieslajonquera\/wp-content\/uploads\/usu2014\/2022\/04\/IMG-20220401-WA00001-300x169.jpg\" alt=\"\" width=\"340\" height=\"191\" \/><\/a><\/td>\n<td style=\"width: 12.7105%; text-align: justify;\"><a href=\"https:\/\/agora.xtec.cat\/ieslajonquera\/wp-content\/uploads\/usu2014\/2022\/04\/IMG-20220401-WA0003.jpg\"><img loading=\"lazy\" decoding=\"async\" class=\"aligncenter  wp-image-3673\" src=\"https:\/\/agora.xtec.cat\/ieslajonquera\/wp-content\/uploads\/usu2014\/2022\/04\/IMG-20220401-WA0003-169x300.jpg\" alt=\"\" width=\"142\" height=\"252\" \/><\/a><\/td>\n<td style=\"width: 13.7766%;\"><a href=\"https:\/\/agora.xtec.cat\/ieslajonquera\/wp-content\/uploads\/usu2014\/2022\/04\/IMG-20220401-WA00011.jpg\"><img loading=\"lazy\" decoding=\"async\" class=\"aligncenter  wp-image-3681\" src=\"https:\/\/agora.xtec.cat\/ieslajonquera\/wp-content\/uploads\/usu2014\/2022\/04\/IMG-20220401-WA00011-169x300.jpg\" alt=\"\" width=\"144\" height=\"256\" \/><\/a><\/td>\n<td style=\"width: 17.3834%;\"><a href=\"https:\/\/agora.xtec.cat\/ieslajonquera\/wp-content\/uploads\/usu2014\/2022\/04\/IMG-20220401-WA0002.jpg\"><img loading=\"lazy\" decoding=\"async\" class=\"aligncenter  wp-image-3676\" src=\"https:\/\/agora.xtec.cat\/ieslajonquera\/wp-content\/uploads\/usu2014\/2022\/04\/IMG-20220401-WA0002-225x300.jpg\" alt=\"\" width=\"193\" height=\"258\" \/><\/a><\/td>\n<td style=\"width: 49.1152%;\"><a href=\"https:\/\/agora.xtec.cat\/ieslajonquera\/wp-content\/uploads\/usu2014\/2022\/04\/IMG-20220401-WA0005.jpg\"><img loading=\"lazy\" decoding=\"async\" class=\"aligncenter  wp-image-3679\" src=\"https:\/\/agora.xtec.cat\/ieslajonquera\/wp-content\/uploads\/usu2014\/2022\/04\/IMG-20220401-WA0005-300x225.jpg\" alt=\"\" width=\"329\" height=\"247\" \/><\/a><\/td>\n<\/tr>\n<\/tbody>\n<\/table>\n<p>&nbsp;<\/p>\n","protected":false},"excerpt":{"rendered":"<p><a href=\"https:\/\/agora.xtec.cat\/ieslajonquera\/wp-content\/uploads\/usu2014\/2022\/04\/IMG-20220401-WA0005.jpg\"><\/a>Els alumnes de Batxillerat que fan Llat\u00ed han anat a visitar el jaciment arqueol\u00f2gic d&#8217;Emp\u00faries i el museu.<\/p>\n<p>Emp\u00faries \u00e9s l\u2019\u00fanic jaciment arqueol\u00f2gic de la Pen\u00ednsula Ib\u00e8rica on conviuen les restes d\u2019una ciutat grega Emp\u00f2rion amb les d\u2019una ciutat romana, Emporiae. \u00c9s tamb\u00e9 la porta&hellip;  <a href=\"https:\/\/agora.xtec.cat\/ieslajonquera\/general\/visita-al-jaciment-arqueologic-dempuries\/\" title=\"Read Visita al jaciment arqueol\u00f2gic d&#8217;Emp\u00faries\">Llegeix m\u00e9s\u00bb<\/a><\/p>\n","protected":false},"author":3,"featured_media":0,"comment_status":"open","ping_status":"closed","sticky":false,"template":"","format":"standard","meta":{"_bbp_topic_count":0,"_bbp_reply_count":0,"_bbp_total_topic_count":0,"_bbp_total_reply_count":0,"_bbp_voice_count":0,"_bbp_anonymous_reply_count":0,"_bbp_topic_count_hidden":0,"_bbp_reply_count_hidden":0,"_bbp_forum_subforum_count":0,"footnotes":""},"categories":[8,1],"tags":[154,39],"class_list":["post-3671","post","type-post","status-publish","format-standard","hentry","category-batxillerat","category-general","tag-cultura-classica","tag-sortides"],"post_mailing_queue_ids":[],"_links":{"self":[{"href":"https:\/\/agora.xtec.cat\/ieslajonquera\/wp-json\/wp\/v2\/posts\/3671","targetHints":{"allow":["GET"]}}],"collection":[{"href":"https:\/\/agora.xtec.cat\/ieslajonquera\/wp-json\/wp\/v2\/posts"}],"about":[{"href":"https:\/\/agora.xtec.cat\/ieslajonquera\/wp-json\/wp\/v2\/types\/post"}],"author":[{"embeddable":true,"href":"https:\/\/agora.xtec.cat\/ieslajonquera\/wp-json\/wp\/v2\/users\/3"}],"replies":[{"embeddable":true,"href":"https:\/\/agora.xtec.cat\/ieslajonquera\/wp-json\/wp\/v2\/comments?post=3671"}],"version-history":[{"count":3,"href":"https:\/\/agora.xtec.cat\/ieslajonquera\/wp-json\/wp\/v2\/posts\/3671\/revisions"}],"predecessor-version":[{"id":3683,"href":"https:\/\/agora.xtec.cat\/ieslajonquera\/wp-json\/wp\/v2\/posts\/3671\/revisions\/3683"}],"wp:attachment":[{"href":"https:\/\/agora.xtec.cat\/ieslajonquera\/wp-json\/wp\/v2\/media?parent=3671"}],"wp:term":[{"taxonomy":"category","embeddable":true,"href":"https:\/\/agora.xtec.cat\/ieslajonquera\/wp-json\/wp\/v2\/categories?post=3671"},{"taxonomy":"post_tag","embeddable":true,"href":"https:\/\/agora.xtec.cat\/ieslajonquera\/wp-json\/wp\/v2\/tags?post=3671"}],"curies":[{"name":"wp","href":"https:\/\/api.w.org\/{rel}","templated":true}]}}