{"id":3646,"date":"2022-03-30T18:12:44","date_gmt":"2022-03-30T16:12:44","guid":{"rendered":"https:\/\/agora.xtec.cat\/ieslajonquera\/?p=3646"},"modified":"2022-03-30T18:13:13","modified_gmt":"2022-03-30T16:13:13","slug":"visitat-a-expojove-a-4t-deso","status":"publish","type":"post","link":"https:\/\/agora.xtec.cat\/ieslajonquera\/general\/visitat-a-expojove-a-4t-deso\/","title":{"rendered":"Visita a Expojove a 4t d&#8217;ESO"},"content":{"rendered":"<p style=\"text-align: justify;\"><a href=\"https:\/\/agora.xtec.cat\/ieslajonquera\/wp-content\/uploads\/usu2014\/2022\/03\/IMG-20220330-WA0000.jpg\"><img loading=\"lazy\" decoding=\"async\" class=\"size-medium wp-image-3647 alignleft\" src=\"https:\/\/agora.xtec.cat\/ieslajonquera\/wp-content\/uploads\/usu2014\/2022\/03\/IMG-20220330-WA0000-300x225.jpg\" alt=\"\" width=\"300\" height=\"225\" \/><\/a>L&#8217;alumnat de 4t d&#8217;ESO ha anat a Girona a visitar el sal\u00f3 Expojove, que t\u00e9 per objectiu orientar sobre l\u2019oferta formativa i professional que tenen a disposici\u00f3 els joves despr\u00e9s de l\u2019etapa de formaci\u00f3 obligat\u00f2ria.<\/p>\n<p style=\"text-align: justify;\">Pret\u00e9n donar a con\u00e8ixer les diverses propostes d\u2019itineraris acad\u00e8mics que es poden seguir actualment al sistema educatiu de Catalunya despr\u00e9s de l\u2019ESO. Per aquest motiu es presenten cicles formatius de formaci\u00f3 professional de grau mitj\u00e0, grau superior, ensenyaments art\u00edstics, esportius i l\u2019oferta universit\u00e0ria.<\/p>\n<p style=\"text-align: justify;\">Tamb\u00e9 donar informaci\u00f3 de primera m\u00e0 sobre sortides laborals, idiomes, voluntariat, Formaci\u00f3 Dual, beques, emprenedoria, salut o estudis a l\u2019estranger, entre d\u2019altres.<\/p>\n","protected":false},"excerpt":{"rendered":"<p><a href=\"https:\/\/agora.xtec.cat\/ieslajonquera\/wp-content\/uploads\/usu2014\/2022\/03\/IMG-20220330-WA0000.jpg\"><\/a>L&#8217;alumnat de 4t d&#8217;ESO ha anat a Girona a visitar el sal\u00f3 Expojove, que t\u00e9 per objectiu orientar sobre l\u2019oferta formativa i professional que tenen a disposici\u00f3 els joves despr\u00e9s de l\u2019etapa de formaci\u00f3 obligat\u00f2ria.<br \/>\nPret\u00e9n donar a con\u00e8ixer les diverses propostes d\u2019itineraris acad\u00e8mics que&hellip;  <a href=\"https:\/\/agora.xtec.cat\/ieslajonquera\/general\/visitat-a-expojove-a-4t-deso\/\" title=\"Read Visita a Expojove a 4t d&#8217;ESO\">Llegeix m\u00e9s\u00bb<\/a><\/p>\n","protected":false},"author":3,"featured_media":0,"comment_status":"open","ping_status":"closed","sticky":false,"template":"","format":"standard","meta":{"_bbp_topic_count":0,"_bbp_reply_count":0,"_bbp_total_topic_count":0,"_bbp_total_reply_count":0,"_bbp_voice_count":0,"_bbp_anonymous_reply_count":0,"_bbp_topic_count_hidden":0,"_bbp_reply_count_hidden":0,"_bbp_forum_subforum_count":0,"footnotes":""},"categories":[7,1],"tags":[139,39],"class_list":["post-3646","post","type-post","status-publish","format-standard","hentry","category-eso-4","category-general","tag-orientacio","tag-sortides"],"post_mailing_queue_ids":[],"_links":{"self":[{"href":"https:\/\/agora.xtec.cat\/ieslajonquera\/wp-json\/wp\/v2\/posts\/3646","targetHints":{"allow":["GET"]}}],"collection":[{"href":"https:\/\/agora.xtec.cat\/ieslajonquera\/wp-json\/wp\/v2\/posts"}],"about":[{"href":"https:\/\/agora.xtec.cat\/ieslajonquera\/wp-json\/wp\/v2\/types\/post"}],"author":[{"embeddable":true,"href":"https:\/\/agora.xtec.cat\/ieslajonquera\/wp-json\/wp\/v2\/users\/3"}],"replies":[{"embeddable":true,"href":"https:\/\/agora.xtec.cat\/ieslajonquera\/wp-json\/wp\/v2\/comments?post=3646"}],"version-history":[{"count":2,"href":"https:\/\/agora.xtec.cat\/ieslajonquera\/wp-json\/wp\/v2\/posts\/3646\/revisions"}],"predecessor-version":[{"id":3649,"href":"https:\/\/agora.xtec.cat\/ieslajonquera\/wp-json\/wp\/v2\/posts\/3646\/revisions\/3649"}],"wp:attachment":[{"href":"https:\/\/agora.xtec.cat\/ieslajonquera\/wp-json\/wp\/v2\/media?parent=3646"}],"wp:term":[{"taxonomy":"category","embeddable":true,"href":"https:\/\/agora.xtec.cat\/ieslajonquera\/wp-json\/wp\/v2\/categories?post=3646"},{"taxonomy":"post_tag","embeddable":true,"href":"https:\/\/agora.xtec.cat\/ieslajonquera\/wp-json\/wp\/v2\/tags?post=3646"}],"curies":[{"name":"wp","href":"https:\/\/api.w.org\/{rel}","templated":true}]}}