{"id":3594,"date":"2022-03-12T12:55:11","date_gmt":"2022-03-12T11:55:11","guid":{"rendered":"https:\/\/agora.xtec.cat\/ieslajonquera\/?p=3594"},"modified":"2022-07-19T17:37:59","modified_gmt":"2022-07-19T15:37:59","slug":"tallers-efec-a-3r-i-4t-deso","status":"publish","type":"post","link":"https:\/\/agora.xtec.cat\/ieslajonquera\/general\/tallers-efec-a-3r-i-4t-deso\/","title":{"rendered":"Tallers EFEC a 3r i 4t d&#8217;ESO"},"content":{"rendered":"<p style=\"text-align: justify;\"><span style=\"font-family: tahoma, sans-serif;\">Darrerament, l&#8217;alumnat de 3r i 4t d&#8217;ESO ha assistit a alguns tallers EFEC (Educaci\u00f3 Financera a les Escoles de Catalunya): <\/span><span style=\"font-family: tahoma, sans-serif;\">A 3r ESO A han fet el taller <\/span>&#8220;Administrant els teus diners&#8221;, mentre que a 4t ESO han fet el taller &#8221; &#8220;Els impostos i tu&#8221;.<\/p>\n<p style=\"text-align: justify;\"><a href=\"https:\/\/agora.xtec.cat\/ieslajonquera\/wp-content\/uploads\/usu2014\/2022\/03\/16469268645561-rotated.jpg\"><img loading=\"lazy\" decoding=\"async\" class=\"size-medium wp-image-3595 alignleft\" src=\"https:\/\/agora.xtec.cat\/ieslajonquera\/wp-content\/uploads\/usu2014\/2022\/03\/16469268645561-224x300.jpg\" alt=\"\" width=\"224\" height=\"300\" \/><\/a>El projecte EFEC t\u00e9 per objectiu oferir a les escoles de Catalunya la possibilitat d&#8217;impartir educaci\u00f3 financera b\u00e0sica als alumnes dels cursos m\u00e9s alts. Els tallers s\u00f3n impartits per treballadors voluntaris vinculats a entitats financeres (professionals en exercici o jubilats), professionals vinculats a associacions del sector econ\u00f2mic financer i treballadors de l\u2019Ag\u00e8ncia Tribut\u00e0ria de Catalunya; aix\u00ed com per professors de secund\u00e0ria. Aquest programa d&#8217;alfabetitzaci\u00f3 i educaci\u00f3 financera s&#8217;emmarca en les recomanacions d&#8217;organismes internacionals tant rellevants com l&#8217;Organitzaci\u00f3 per a la Cooperaci\u00f3 i el Desenvolupament Econ\u00f2mic (OCDE) i la Uni\u00f3 Europea (UE), i est\u00e0 supervisat pel Departament d\u2019Ensenyament de la Generalitat de Catalunya.<\/p>\n","protected":false},"excerpt":{"rendered":"<p>Darrerament, l&#8217;alumnat de 3r i 4t d&#8217;ESO ha assistit a alguns tallers EFEC (Educaci\u00f3 Financera a les Escoles de Catalunya): A 3r ESO A han fet el taller &#8220;Administrant els teus diners&#8221;, mentre que a 4t ESO han fet el taller &#8221; &#8220;Els impostos i&hellip;  <a href=\"https:\/\/agora.xtec.cat\/ieslajonquera\/general\/tallers-efec-a-3r-i-4t-deso\/\" title=\"Read Tallers EFEC a 3r i 4t d&#8217;ESO\">Llegeix m\u00e9s\u00bb<\/a><\/p>\n","protected":false},"author":3,"featured_media":4025,"comment_status":"open","ping_status":"closed","sticky":false,"template":"","format":"standard","meta":{"_bbp_topic_count":0,"_bbp_reply_count":0,"_bbp_total_topic_count":0,"_bbp_total_reply_count":0,"_bbp_voice_count":0,"_bbp_anonymous_reply_count":0,"_bbp_topic_count_hidden":0,"_bbp_reply_count_hidden":0,"_bbp_forum_subforum_count":0,"footnotes":""},"categories":[1],"tags":[144,58],"class_list":["post-3594","post","type-post","status-publish","format-standard","has-post-thumbnail","hentry","category-general","tag-economia","tag-tallers"],"post_mailing_queue_ids":[],"_links":{"self":[{"href":"https:\/\/agora.xtec.cat\/ieslajonquera\/wp-json\/wp\/v2\/posts\/3594","targetHints":{"allow":["GET"]}}],"collection":[{"href":"https:\/\/agora.xtec.cat\/ieslajonquera\/wp-json\/wp\/v2\/posts"}],"about":[{"href":"https:\/\/agora.xtec.cat\/ieslajonquera\/wp-json\/wp\/v2\/types\/post"}],"author":[{"embeddable":true,"href":"https:\/\/agora.xtec.cat\/ieslajonquera\/wp-json\/wp\/v2\/users\/3"}],"replies":[{"embeddable":true,"href":"https:\/\/agora.xtec.cat\/ieslajonquera\/wp-json\/wp\/v2\/comments?post=3594"}],"version-history":[{"count":1,"href":"https:\/\/agora.xtec.cat\/ieslajonquera\/wp-json\/wp\/v2\/posts\/3594\/revisions"}],"predecessor-version":[{"id":3596,"href":"https:\/\/agora.xtec.cat\/ieslajonquera\/wp-json\/wp\/v2\/posts\/3594\/revisions\/3596"}],"wp:featuredmedia":[{"embeddable":true,"href":"https:\/\/agora.xtec.cat\/ieslajonquera\/wp-json\/wp\/v2\/media\/4025"}],"wp:attachment":[{"href":"https:\/\/agora.xtec.cat\/ieslajonquera\/wp-json\/wp\/v2\/media?parent=3594"}],"wp:term":[{"taxonomy":"category","embeddable":true,"href":"https:\/\/agora.xtec.cat\/ieslajonquera\/wp-json\/wp\/v2\/categories?post=3594"},{"taxonomy":"post_tag","embeddable":true,"href":"https:\/\/agora.xtec.cat\/ieslajonquera\/wp-json\/wp\/v2\/tags?post=3594"}],"curies":[{"name":"wp","href":"https:\/\/api.w.org\/{rel}","templated":true}]}}