{"id":3591,"date":"2022-03-12T12:44:33","date_gmt":"2022-03-12T11:44:33","guid":{"rendered":"https:\/\/agora.xtec.cat\/ieslajonquera\/?p=3591"},"modified":"2022-03-12T12:44:33","modified_gmt":"2022-03-12T11:44:33","slug":"61-concurso-coca-cola-jovenes-talentos-de-relato-corto","status":"publish","type":"post","link":"https:\/\/agora.xtec.cat\/ieslajonquera\/general\/61-concurso-coca-cola-jovenes-talentos-de-relato-corto\/","title":{"rendered":"61 Concurso Coca-Cola J\u00f3venes Talentos de Relato Corto"},"content":{"rendered":"<p style=\"text-align: justify;\"><a href=\"https:\/\/agora.xtec.cat\/ieslajonquera\/wp-content\/uploads\/usu2014\/2022\/03\/IMG_2320-scaled.jpg\"><img loading=\"lazy\" decoding=\"async\" class=\"size-medium wp-image-3592 alignleft\" src=\"https:\/\/agora.xtec.cat\/ieslajonquera\/wp-content\/uploads\/usu2014\/2022\/03\/IMG_2320-225x300.jpg\" alt=\"\" width=\"225\" height=\"300\" \/><\/a>En aquesta edici\u00f3, celebrada de manera telem\u00e0tica, els alumnes que han participat en la primera fase s\u00f3n: Elisabeth Posada, Anas Errahmouni, Joel Moncayo i Aitor Joan (2n A); Carles Garcia, Nolann Cord\u00f3n, Uma Cabrera, Irache Santana, \u00d3scar Salas i Sa\u00fcc Ribas (2n B); Alberto Moreno, Marta Sais, Mireia Ribas i Jordi Cevallos (2n C).<\/p>\n<p style=\"text-align: justify;\">Molta sort!<\/p>\n","protected":false},"excerpt":{"rendered":"<p><a href=\"https:\/\/agora.xtec.cat\/ieslajonquera\/wp-content\/uploads\/usu2014\/2022\/03\/IMG_2320-scaled.jpg\"><\/a>En aquesta edici\u00f3, celebrada de manera telem\u00e0tica, els alumnes que han participat en la primera fase s\u00f3n: Elisabeth Posada, Anas Errahmouni, Joel Moncayo i Aitor Joan (2n A); Carles Garcia, Nolann Cord\u00f3n, Uma Cabrera, Irache Santana, \u00d3scar Salas i Sa\u00fcc Ribas (2n B); Alberto&hellip;  <a href=\"https:\/\/agora.xtec.cat\/ieslajonquera\/general\/61-concurso-coca-cola-jovenes-talentos-de-relato-corto\/\" title=\"Read 61 Concurso Coca-Cola J\u00f3venes Talentos de Relato Corto\">Llegeix m\u00e9s\u00bb<\/a><\/p>\n","protected":false},"author":3,"featured_media":0,"comment_status":"open","ping_status":"closed","sticky":false,"template":"","format":"standard","meta":{"_bbp_topic_count":0,"_bbp_reply_count":0,"_bbp_total_topic_count":0,"_bbp_total_reply_count":0,"_bbp_voice_count":0,"_bbp_anonymous_reply_count":0,"_bbp_topic_count_hidden":0,"_bbp_reply_count_hidden":0,"_bbp_forum_subforum_count":0,"footnotes":""},"categories":[1],"tags":[106,133,57],"class_list":["post-3591","post","type-post","status-publish","format-standard","hentry","category-general","tag-concurs","tag-creativitat","tag-expressio-escrita"],"post_mailing_queue_ids":[],"_links":{"self":[{"href":"https:\/\/agora.xtec.cat\/ieslajonquera\/wp-json\/wp\/v2\/posts\/3591","targetHints":{"allow":["GET"]}}],"collection":[{"href":"https:\/\/agora.xtec.cat\/ieslajonquera\/wp-json\/wp\/v2\/posts"}],"about":[{"href":"https:\/\/agora.xtec.cat\/ieslajonquera\/wp-json\/wp\/v2\/types\/post"}],"author":[{"embeddable":true,"href":"https:\/\/agora.xtec.cat\/ieslajonquera\/wp-json\/wp\/v2\/users\/3"}],"replies":[{"embeddable":true,"href":"https:\/\/agora.xtec.cat\/ieslajonquera\/wp-json\/wp\/v2\/comments?post=3591"}],"version-history":[{"count":1,"href":"https:\/\/agora.xtec.cat\/ieslajonquera\/wp-json\/wp\/v2\/posts\/3591\/revisions"}],"predecessor-version":[{"id":3593,"href":"https:\/\/agora.xtec.cat\/ieslajonquera\/wp-json\/wp\/v2\/posts\/3591\/revisions\/3593"}],"wp:attachment":[{"href":"https:\/\/agora.xtec.cat\/ieslajonquera\/wp-json\/wp\/v2\/media?parent=3591"}],"wp:term":[{"taxonomy":"category","embeddable":true,"href":"https:\/\/agora.xtec.cat\/ieslajonquera\/wp-json\/wp\/v2\/categories?post=3591"},{"taxonomy":"post_tag","embeddable":true,"href":"https:\/\/agora.xtec.cat\/ieslajonquera\/wp-json\/wp\/v2\/tags?post=3591"}],"curies":[{"name":"wp","href":"https:\/\/api.w.org\/{rel}","templated":true}]}}