{"id":3564,"date":"2022-03-08T17:49:18","date_gmt":"2022-03-08T16:49:18","guid":{"rendered":"https:\/\/agora.xtec.cat\/ieslajonquera\/?p=3564"},"modified":"2022-03-08T21:37:49","modified_gmt":"2022-03-08T20:37:49","slug":"8-de-marc-dia-de-la-dona-treballadora","status":"publish","type":"post","link":"https:\/\/agora.xtec.cat\/ieslajonquera\/general\/8-de-marc-dia-de-la-dona-treballadora\/","title":{"rendered":"8 de mar\u00e7: Dia de la Dona Treballadora"},"content":{"rendered":"<p style=\"text-align: justify;\"><a href=\"https:\/\/agora.xtec.cat\/ieslajonquera\/wp-content\/uploads\/usu2014\/2022\/03\/IMG-20220308-WA0057.jpg\"><img loading=\"lazy\" decoding=\"async\" class=\" wp-image-3571 alignleft\" src=\"https:\/\/agora.xtec.cat\/ieslajonquera\/wp-content\/uploads\/usu2014\/2022\/03\/IMG-20220308-WA0057-300x225.jpg\" alt=\"\" width=\"585\" height=\"439\" \/><\/a>Per commemorar el dia 8 de mar\u00e7, Dia de la Dona Treballadora, s&#8217;han portat a terme diverses activitats:<\/p>\n<p style=\"text-align: justify;\">&#8211;<strong>Sessions de treball<\/strong>: Al llarg de tres dies, hi ha hagut algunes activitats relacionades amb la situaci\u00f3 de la dona, com ara el visionat de pel\u00b7l\u00edcules (<em>Billy Elliot<\/em>, <em>Libertarias<\/em>, etc.) o documentals, reflexions sobre el paper de la dona (la seva evoluci\u00f3 al llarg de la prehist\u00f2ria, el sexisme a la publicitat, etc.) i xerrades (Identitats de g\u00e8nere. Diversitat de g\u00e8nere, afectivo sexual).<\/p>\n<p style=\"text-align: justify;\">&#8211;<a href=\"https:\/\/drive.google.com\/drive\/folders\/1i5pyirOCHRBLarEVosINLDKSsx61Cg_F?usp=sharing\"><strong>Tallers<\/strong><\/a>: A part de les activitats esmentades, n&#8217;hi ha hagut d&#8217;altres destinades a preparar la manifestaci\u00f3 del 8 de mar\u00e7. D&#8217;una banda, s&#8217;han treballat els manifestos (n&#8217;han sortit quatre: el d&#8217;<a href=\"https:\/\/drive.google.com\/file\/d\/1n6UhTbMJ1ciGC1KFfB86TrlUUDK5-xBD\/view?usp=sharing\">alguns alumnes de 3r d&#8217;ESO B<\/a>, el de la <a href=\"https:\/\/drive.google.com\/file\/d\/1Pc7I9xSmDPgECASTJSDpJAz4JaKF0jJs\/view?usp=sharing\">Mariam Ghaddar<\/a>, de 1r de Batxillerat, el de l&#8217;<a href=\"https:\/\/drive.google.com\/file\/d\/19-D-uRful9ePeSIelidJYT5yCQ_dEwN3\/view?usp=sharing\">Eva S\u00e1nchez<\/a>, de 1r de Batxillerat, i el de l&#8217;<a href=\"https:\/\/drive.google.com\/file\/d\/1vSatOcjP_u0fL8QXCsNrMeT9ino2dRUz\/view?usp=sharing\">alumnat de 2n de Batxillerat<\/a>) i, d&#8217;una altra banda, s&#8217;han elaborat pancartes.<\/p>\n<p style=\"text-align: justify;\">&#8211;<a href=\"https:\/\/drive.google.com\/drive\/folders\/1o2RgT0BoV8dffIY0mGDs6jnlx-0uZ_G5?usp=sharing\"><strong>Manifestaci\u00f3<\/strong><\/a>: S&#8217;ha anat fins la Pla\u00e7a de l&#8217;Ajuntament i el manifest escollit, el de l&#8217;alumna de 1r de Batxillerat Eva S\u00e1nchez, ha estat llegit a davant de les autoritats locals, els alumnes del centre i tots els jonquerencs que s&#8217;hi han volgut afegir.<\/p>\n<p style=\"text-align: justify;\">&#8211;<a href=\"https:\/\/drive.google.com\/drive\/folders\/1NcyzbVM-8ODEN07ueyvZ3jIkvcO8uUGL?usp=sharing\"><strong>8M gegant<\/strong><\/a>: S&#8217;ha representat al pati de l&#8217;institut, amb la participaci\u00f3 de l&#8217;alumnat i la col\u00b7laboraci\u00f3 desinteressada d&#8217;en Josep, de Falgu\u00e9s Fotografia, que ha fer les fotografies a\u00e8ries.<\/p>\n<p>&nbsp;<\/p>\n<p>&nbsp;<\/p>\n<p>&nbsp;<\/p>\n<p>&nbsp;<\/p>\n","protected":false},"excerpt":{"rendered":"<p><a href=\"https:\/\/agora.xtec.cat\/ieslajonquera\/wp-content\/uploads\/usu2014\/2022\/03\/IMG-20220308-WA0057.jpg\"><\/a>Per commemorar el dia 8 de mar\u00e7, Dia de la Dona Treballadora, s&#8217;han portat a terme diverses activitats:<br \/>\n&#8211;Sessions de treball: Al llarg de tres dies, hi ha hagut algunes activitats relacionades amb la situaci\u00f3 de la dona, com ara el visionat de pel\u00b7l\u00edcules (Billy&hellip;  <a href=\"https:\/\/agora.xtec.cat\/ieslajonquera\/general\/8-de-marc-dia-de-la-dona-treballadora\/\" title=\"Read 8 de mar\u00e7: Dia de la Dona Treballadora\">Llegeix m\u00e9s\u00bb<\/a><\/p>\n","protected":false},"author":3,"featured_media":0,"comment_status":"open","ping_status":"closed","sticky":false,"template":"","format":"standard","meta":{"_bbp_topic_count":0,"_bbp_reply_count":0,"_bbp_total_topic_count":0,"_bbp_total_reply_count":0,"_bbp_voice_count":0,"_bbp_anonymous_reply_count":0,"_bbp_topic_count_hidden":0,"_bbp_reply_count_hidden":0,"_bbp_forum_subforum_count":0,"footnotes":""},"categories":[1],"tags":[153],"class_list":["post-3564","post","type-post","status-publish","format-standard","hentry","category-general","tag-diades"],"post_mailing_queue_ids":[],"_links":{"self":[{"href":"https:\/\/agora.xtec.cat\/ieslajonquera\/wp-json\/wp\/v2\/posts\/3564","targetHints":{"allow":["GET"]}}],"collection":[{"href":"https:\/\/agora.xtec.cat\/ieslajonquera\/wp-json\/wp\/v2\/posts"}],"about":[{"href":"https:\/\/agora.xtec.cat\/ieslajonquera\/wp-json\/wp\/v2\/types\/post"}],"author":[{"embeddable":true,"href":"https:\/\/agora.xtec.cat\/ieslajonquera\/wp-json\/wp\/v2\/users\/3"}],"replies":[{"embeddable":true,"href":"https:\/\/agora.xtec.cat\/ieslajonquera\/wp-json\/wp\/v2\/comments?post=3564"}],"version-history":[{"count":3,"href":"https:\/\/agora.xtec.cat\/ieslajonquera\/wp-json\/wp\/v2\/posts\/3564\/revisions"}],"predecessor-version":[{"id":3574,"href":"https:\/\/agora.xtec.cat\/ieslajonquera\/wp-json\/wp\/v2\/posts\/3564\/revisions\/3574"}],"wp:attachment":[{"href":"https:\/\/agora.xtec.cat\/ieslajonquera\/wp-json\/wp\/v2\/media?parent=3564"}],"wp:term":[{"taxonomy":"category","embeddable":true,"href":"https:\/\/agora.xtec.cat\/ieslajonquera\/wp-json\/wp\/v2\/categories?post=3564"},{"taxonomy":"post_tag","embeddable":true,"href":"https:\/\/agora.xtec.cat\/ieslajonquera\/wp-json\/wp\/v2\/tags?post=3564"}],"curies":[{"name":"wp","href":"https:\/\/api.w.org\/{rel}","templated":true}]}}