{"id":3550,"date":"2022-03-03T16:11:08","date_gmt":"2022-03-03T15:11:08","guid":{"rendered":"https:\/\/agora.xtec.cat\/ieslajonquera\/?p=3550"},"modified":"2022-03-03T16:36:40","modified_gmt":"2022-03-03T15:36:40","slug":"participacio-al-oral-contest-english-alt-emporda","status":"publish","type":"post","link":"https:\/\/agora.xtec.cat\/ieslajonquera\/general\/participacio-al-oral-contest-english-alt-emporda\/","title":{"rendered":"Participaci\u00f3 al Oral Contest English Alt Empord\u00e0"},"content":{"rendered":"<p style=\"text-align: justify;\"><iframe loading=\"lazy\" src=\"\/\/www.youtube.com\/embed\/Ygj2MV9Badw\" width=\"560\" height=\"314\" allowfullscreen=\"allowfullscreen\"><\/iframe><\/p>\n<p style=\"text-align: justify;\">Aquest curs tornem a participar al <i>Oral Contest English Alt Empord\u00e0. <\/i>\u00c9s un concurs d&#8217;angl\u00e8s pensat per a l&#8217;alumnat de 2n i 3r d&#8217;ESO en qu\u00e8 han de fer un v\u00eddeo \u00edntegrament en angl\u00e8s. El nostre centre participa amb alumnes de 2n d&#8217;ESO.<\/p>\n<p style=\"text-align: justify;\">La tem\u00e0tica \u00e9s la seg\u00fcent:<\/p>\n<p style=\"text-align: justify;\"><b><i>Celebrity on the way<\/i><\/b><\/p>\n<p style=\"text-align: justify;\">Un grup d&#8217;adolescents sap a trav\u00e9s de les xarxes socials que un personatge fam\u00f3s vindr\u00e0 al seu poble, s&#8217;alegren i fan tot un muntatge\u00a0per anar a veure&#8217;l \/ veure-la. Un cop tot engegat s&#8217;enteren que eren<i> fake news <\/i>i queden decebuts \/ decebudes.<\/p>\n<p style=\"text-align: justify;\">El v\u00eddeo seleccionat per representar l&#8217;institut \u00e9s el de les alumnes Irache Santana, Isona Moreno i Bruna Carreras.<\/p>\n<p style=\"text-align: justify;\">Mooolta sort!<\/p>\n<div><\/div>\n","protected":false},"excerpt":{"rendered":"<p>Aquest curs tornem a participar al Oral Contest English Alt Empord\u00e0. \u00c9s un concurs d&#8217;angl\u00e8s pensat per a l&#8217;alumnat de 2n i 3r d&#8217;ESO en qu\u00e8 han de fer un v\u00eddeo \u00edntegrament en angl\u00e8s. El nostre centre participa amb alumnes de 2n d&#8217;ESO.<br \/>\nLa tem\u00e0tica \u00e9s&hellip;  <a href=\"https:\/\/agora.xtec.cat\/ieslajonquera\/general\/participacio-al-oral-contest-english-alt-emporda\/\" title=\"Read Participaci\u00f3 al Oral Contest English Alt Empord\u00e0\">Llegeix m\u00e9s\u00bb<\/a><\/p>\n","protected":false},"author":3,"featured_media":0,"comment_status":"open","ping_status":"closed","sticky":false,"template":"","format":"standard","meta":{"_bbp_topic_count":0,"_bbp_reply_count":0,"_bbp_total_topic_count":0,"_bbp_total_reply_count":0,"_bbp_voice_count":0,"_bbp_anonymous_reply_count":0,"_bbp_topic_count_hidden":0,"_bbp_reply_count_hidden":0,"_bbp_forum_subforum_count":0,"footnotes":""},"categories":[1],"tags":[125,106,43],"class_list":["post-3550","post","type-post","status-publish","format-standard","hentry","category-general","tag-angles","tag-concurs","tag-expressio-oral"],"post_mailing_queue_ids":[],"_links":{"self":[{"href":"https:\/\/agora.xtec.cat\/ieslajonquera\/wp-json\/wp\/v2\/posts\/3550","targetHints":{"allow":["GET"]}}],"collection":[{"href":"https:\/\/agora.xtec.cat\/ieslajonquera\/wp-json\/wp\/v2\/posts"}],"about":[{"href":"https:\/\/agora.xtec.cat\/ieslajonquera\/wp-json\/wp\/v2\/types\/post"}],"author":[{"embeddable":true,"href":"https:\/\/agora.xtec.cat\/ieslajonquera\/wp-json\/wp\/v2\/users\/3"}],"replies":[{"embeddable":true,"href":"https:\/\/agora.xtec.cat\/ieslajonquera\/wp-json\/wp\/v2\/comments?post=3550"}],"version-history":[{"count":3,"href":"https:\/\/agora.xtec.cat\/ieslajonquera\/wp-json\/wp\/v2\/posts\/3550\/revisions"}],"predecessor-version":[{"id":3555,"href":"https:\/\/agora.xtec.cat\/ieslajonquera\/wp-json\/wp\/v2\/posts\/3550\/revisions\/3555"}],"wp:attachment":[{"href":"https:\/\/agora.xtec.cat\/ieslajonquera\/wp-json\/wp\/v2\/media?parent=3550"}],"wp:term":[{"taxonomy":"category","embeddable":true,"href":"https:\/\/agora.xtec.cat\/ieslajonquera\/wp-json\/wp\/v2\/categories?post=3550"},{"taxonomy":"post_tag","embeddable":true,"href":"https:\/\/agora.xtec.cat\/ieslajonquera\/wp-json\/wp\/v2\/tags?post=3550"}],"curies":[{"name":"wp","href":"https:\/\/api.w.org\/{rel}","templated":true}]}}