{"id":3536,"date":"2022-03-02T16:01:27","date_gmt":"2022-03-02T15:01:27","guid":{"rendered":"https:\/\/agora.xtec.cat\/ieslajonquera\/?p=3536"},"modified":"2022-03-02T16:05:22","modified_gmt":"2022-03-02T15:05:22","slug":"preinscripcio-curs-2022-2023","status":"publish","type":"post","link":"https:\/\/agora.xtec.cat\/ieslajonquera\/general\/preinscripcio-curs-2022-2023\/","title":{"rendered":"Preinscripci\u00f3 curs 2022-2023"},"content":{"rendered":"<p><a href=\"https:\/\/agora.xtec.cat\/ieslajonquera\/wp-content\/uploads\/usu2014\/2022\/03\/cartell-preins-obligatoria.jpg\"><img loading=\"lazy\" decoding=\"async\" class=\" wp-image-3537 alignleft\" src=\"https:\/\/agora.xtec.cat\/ieslajonquera\/wp-content\/uploads\/usu2014\/2022\/03\/cartell-preins-obligatoria-214x300.jpg\" alt=\"\" width=\"344\" height=\"482\" \/><\/a><\/p>\n<p>&nbsp;<\/p>\n<p>No es preveu fer Jornada de Portes obertes en aquest per\u00edode, per\u00f2 s\u00ed que es far\u00e0 una reuni\u00f3 informativa a les fam\u00edlies al maig o juny.<\/p>\n<p>Publicarem la data concreta m\u00e9s endavant.<\/p>\n","protected":false},"excerpt":{"rendered":"<p><a href=\"https:\/\/agora.xtec.cat\/ieslajonquera\/wp-content\/uploads\/usu2014\/2022\/03\/cartell-preins-obligatoria.jpg\"><\/a><br \/>\n&nbsp;<br \/>\nNo es preveu fer Jornada de Portes obertes en aquest per\u00edode, per\u00f2 s\u00ed que es far\u00e0 una reuni\u00f3 informativa a les fam\u00edlies al maig o juny.<br \/>\nPublicarem la data concreta m\u00e9s endavant.<\/p>\n","protected":false},"author":3,"featured_media":0,"comment_status":"open","ping_status":"closed","sticky":false,"template":"","format":"standard","meta":{"_bbp_topic_count":0,"_bbp_reply_count":0,"_bbp_total_topic_count":0,"_bbp_total_reply_count":0,"_bbp_voice_count":0,"_bbp_anonymous_reply_count":0,"_bbp_topic_count_hidden":0,"_bbp_reply_count_hidden":0,"_bbp_forum_subforum_count":0,"footnotes":""},"categories":[1],"tags":[],"class_list":["post-3536","post","type-post","status-publish","format-standard","hentry","category-general"],"post_mailing_queue_ids":[],"_links":{"self":[{"href":"https:\/\/agora.xtec.cat\/ieslajonquera\/wp-json\/wp\/v2\/posts\/3536","targetHints":{"allow":["GET"]}}],"collection":[{"href":"https:\/\/agora.xtec.cat\/ieslajonquera\/wp-json\/wp\/v2\/posts"}],"about":[{"href":"https:\/\/agora.xtec.cat\/ieslajonquera\/wp-json\/wp\/v2\/types\/post"}],"author":[{"embeddable":true,"href":"https:\/\/agora.xtec.cat\/ieslajonquera\/wp-json\/wp\/v2\/users\/3"}],"replies":[{"embeddable":true,"href":"https:\/\/agora.xtec.cat\/ieslajonquera\/wp-json\/wp\/v2\/comments?post=3536"}],"version-history":[{"count":3,"href":"https:\/\/agora.xtec.cat\/ieslajonquera\/wp-json\/wp\/v2\/posts\/3536\/revisions"}],"predecessor-version":[{"id":3546,"href":"https:\/\/agora.xtec.cat\/ieslajonquera\/wp-json\/wp\/v2\/posts\/3536\/revisions\/3546"}],"wp:attachment":[{"href":"https:\/\/agora.xtec.cat\/ieslajonquera\/wp-json\/wp\/v2\/media?parent=3536"}],"wp:term":[{"taxonomy":"category","embeddable":true,"href":"https:\/\/agora.xtec.cat\/ieslajonquera\/wp-json\/wp\/v2\/categories?post=3536"},{"taxonomy":"post_tag","embeddable":true,"href":"https:\/\/agora.xtec.cat\/ieslajonquera\/wp-json\/wp\/v2\/tags?post=3536"}],"curies":[{"name":"wp","href":"https:\/\/api.w.org\/{rel}","templated":true}]}}