{"id":3530,"date":"2022-02-25T19:15:18","date_gmt":"2022-02-25T18:15:18","guid":{"rendered":"https:\/\/agora.xtec.cat\/ieslajonquera\/?p=3530"},"modified":"2022-02-25T19:16:48","modified_gmt":"2022-02-25T18:16:48","slug":"va-de-maquetes","status":"publish","type":"post","link":"https:\/\/agora.xtec.cat\/ieslajonquera\/general\/va-de-maquetes\/","title":{"rendered":"Va de maquetes!"},"content":{"rendered":"<p style=\"text-align: justify;\"><a href=\"https:\/\/agora.xtec.cat\/ieslajonquera\/wp-content\/uploads\/usu2014\/2022\/02\/20220223_1154401.jpg\"><img loading=\"lazy\" decoding=\"async\" class=\"size-medium wp-image-3531 alignleft\" src=\"https:\/\/agora.xtec.cat\/ieslajonquera\/wp-content\/uploads\/usu2014\/2022\/02\/20220223_1154401-300x225.jpg\" alt=\"\" width=\"300\" height=\"225\" \/><\/a>Els alummnes de 3r i 4t d&#8217;ESO, a la mat\u00e8ria de Tecnologia, treballen alguns dels continguts per projectes i \u00faltimament han coincidit en la tasca final d&#8217;alguns d&#8217;aquests amb l&#8217;elaboraci\u00f3 de maquetes. Concretament, els alumnes de 3r d&#8217;ESO han estat treballant les diferents estructures constructives i han hagut de fabricar, individualment, una maqueta d&#8217;una torre de vigil\u00e0ncia en qu\u00e8 es vei\u00e9s aplicada l&#8217;estructura triangular. Els alumnes de 4t d&#8217;ESO han constru\u00eft, per grups, un habitatge en aquest mateix format.<\/p>\n<p>Les <a href=\"https:\/\/drive.google.com\/drive\/folders\/1-tB3xGpUX0xosPyslxn2b336e_sp1Zgd?usp=sharing\">torres de vigil\u00e0ncia<\/a> de 3r d&#8217;ESO<\/p>\n<p>Els <a href=\"https:\/\/drive.google.com\/drive\/folders\/1ByGphITOJBqL1XQNFMX1ftVyb565_WhX?usp=sharing\">habitatges<\/a> de 4t d&#8217;ESO<\/p>\n","protected":false},"excerpt":{"rendered":"<p><a href=\"https:\/\/agora.xtec.cat\/ieslajonquera\/wp-content\/uploads\/usu2014\/2022\/02\/20220223_1154401.jpg\"><\/a>Els alummnes de 3r i 4t d&#8217;ESO, a la mat\u00e8ria de Tecnologia, treballen alguns dels continguts per projectes i \u00faltimament han coincidit en la tasca final d&#8217;alguns d&#8217;aquests amb l&#8217;elaboraci\u00f3 de maquetes. Concretament, els alumnes de 3r d&#8217;ESO han estat treballant les diferents estructures&hellip;  <a href=\"https:\/\/agora.xtec.cat\/ieslajonquera\/general\/va-de-maquetes\/\" title=\"Read Va de maquetes!\">Llegeix m\u00e9s\u00bb<\/a><\/p>\n","protected":false},"author":3,"featured_media":0,"comment_status":"open","ping_status":"closed","sticky":false,"template":"","format":"standard","meta":{"_bbp_topic_count":0,"_bbp_reply_count":0,"_bbp_total_topic_count":0,"_bbp_total_reply_count":0,"_bbp_voice_count":0,"_bbp_anonymous_reply_count":0,"_bbp_topic_count_hidden":0,"_bbp_reply_count_hidden":0,"_bbp_forum_subforum_count":0,"footnotes":""},"categories":[1],"tags":[133,138],"class_list":["post-3530","post","type-post","status-publish","format-standard","hentry","category-general","tag-creativitat","tag-tecnologia"],"post_mailing_queue_ids":[],"_links":{"self":[{"href":"https:\/\/agora.xtec.cat\/ieslajonquera\/wp-json\/wp\/v2\/posts\/3530","targetHints":{"allow":["GET"]}}],"collection":[{"href":"https:\/\/agora.xtec.cat\/ieslajonquera\/wp-json\/wp\/v2\/posts"}],"about":[{"href":"https:\/\/agora.xtec.cat\/ieslajonquera\/wp-json\/wp\/v2\/types\/post"}],"author":[{"embeddable":true,"href":"https:\/\/agora.xtec.cat\/ieslajonquera\/wp-json\/wp\/v2\/users\/3"}],"replies":[{"embeddable":true,"href":"https:\/\/agora.xtec.cat\/ieslajonquera\/wp-json\/wp\/v2\/comments?post=3530"}],"version-history":[{"count":1,"href":"https:\/\/agora.xtec.cat\/ieslajonquera\/wp-json\/wp\/v2\/posts\/3530\/revisions"}],"predecessor-version":[{"id":3532,"href":"https:\/\/agora.xtec.cat\/ieslajonquera\/wp-json\/wp\/v2\/posts\/3530\/revisions\/3532"}],"wp:attachment":[{"href":"https:\/\/agora.xtec.cat\/ieslajonquera\/wp-json\/wp\/v2\/media?parent=3530"}],"wp:term":[{"taxonomy":"category","embeddable":true,"href":"https:\/\/agora.xtec.cat\/ieslajonquera\/wp-json\/wp\/v2\/categories?post=3530"},{"taxonomy":"post_tag","embeddable":true,"href":"https:\/\/agora.xtec.cat\/ieslajonquera\/wp-json\/wp\/v2\/tags?post=3530"}],"curies":[{"name":"wp","href":"https:\/\/api.w.org\/{rel}","templated":true}]}}