{"id":3509,"date":"2022-02-16T17:52:22","date_gmt":"2022-02-16T16:52:22","guid":{"rendered":"https:\/\/agora.xtec.cat\/ieslajonquera\/?p=3509"},"modified":"2022-02-16T17:53:33","modified_gmt":"2022-02-16T16:53:33","slug":"torna-el-punt-omnia-de-can-laporta","status":"publish","type":"post","link":"https:\/\/agora.xtec.cat\/ieslajonquera\/general\/torna-el-punt-omnia-de-can-laporta\/","title":{"rendered":"Torna el Punt \u00d2mnia de Can Laporta"},"content":{"rendered":"<p style=\"text-align: justify;\"><a href=\"https:\/\/agora.xtec.cat\/ieslajonquera\/wp-content\/uploads\/usu2014\/2022\/02\/Punt-omnia.png\"><img loading=\"lazy\" decoding=\"async\" class=\"size-medium wp-image-3510 aligncenter\" src=\"https:\/\/agora.xtec.cat\/ieslajonquera\/wp-content\/uploads\/usu2014\/2022\/02\/Punt-omnia-300x300.png\" alt=\"\" width=\"300\" height=\"300\" srcset=\"https:\/\/agora.xtec.cat\/ieslajonquera\/wp-content\/uploads\/usu2014\/2022\/02\/Punt-omnia-300x300.png 300w, https:\/\/agora.xtec.cat\/ieslajonquera\/wp-content\/uploads\/usu2014\/2022\/02\/Punt-omnia-1024x1024.png 1024w, https:\/\/agora.xtec.cat\/ieslajonquera\/wp-content\/uploads\/usu2014\/2022\/02\/Punt-omnia-150x150.png 150w, https:\/\/agora.xtec.cat\/ieslajonquera\/wp-content\/uploads\/usu2014\/2022\/02\/Punt-omnia-768x768.png 768w, https:\/\/agora.xtec.cat\/ieslajonquera\/wp-content\/uploads\/usu2014\/2022\/02\/Punt-omnia.png 1080w\" sizes=\"auto, (max-width: 300px) 100vw, 300px\" \/><\/a><\/p>\n<p style=\"text-align: justify;\">Cada dijous, de 16.00h a 19.30h, el Punt \u00d2mnia de Can Laporta obre les portes als joves per facilitar la connexi\u00f3 i l&#8217;acc\u00e9s a la xarxa d&#8217;Internet. Tamb\u00e9 vol ser un espai per fomentar el treball col\u00b7lectiu i per oferir assessorament en l\u2019\u00e0mbit formatiu, tant curricular com extraordinari.<\/p>\n","protected":false},"excerpt":{"rendered":"<p><a href=\"https:\/\/agora.xtec.cat\/ieslajonquera\/wp-content\/uploads\/usu2014\/2022\/02\/Punt-omnia.png\"><\/a><br \/>\nCada dijous, de 16.00h a 19.30h, el Punt \u00d2mnia de Can Laporta obre les portes als joves per facilitar la connexi\u00f3 i l&#8217;acc\u00e9s a la xarxa d&#8217;Internet. Tamb\u00e9 vol ser un espai per fomentar el treball col\u00b7lectiu i per oferir assessorament en l\u2019\u00e0mbit formatiu,&hellip;  <a href=\"https:\/\/agora.xtec.cat\/ieslajonquera\/general\/torna-el-punt-omnia-de-can-laporta\/\" title=\"Read Torna el Punt \u00d2mnia de Can Laporta\">Llegeix m\u00e9s\u00bb<\/a><\/p>\n","protected":false},"author":3,"featured_media":3510,"comment_status":"open","ping_status":"closed","sticky":false,"template":"","format":"standard","meta":{"_bbp_topic_count":0,"_bbp_reply_count":0,"_bbp_total_topic_count":0,"_bbp_total_reply_count":0,"_bbp_voice_count":0,"_bbp_anonymous_reply_count":0,"_bbp_topic_count_hidden":0,"_bbp_reply_count_hidden":0,"_bbp_forum_subforum_count":0,"footnotes":""},"categories":[1],"tags":[],"class_list":["post-3509","post","type-post","status-publish","format-standard","has-post-thumbnail","hentry","category-general"],"post_mailing_queue_ids":[],"_links":{"self":[{"href":"https:\/\/agora.xtec.cat\/ieslajonquera\/wp-json\/wp\/v2\/posts\/3509","targetHints":{"allow":["GET"]}}],"collection":[{"href":"https:\/\/agora.xtec.cat\/ieslajonquera\/wp-json\/wp\/v2\/posts"}],"about":[{"href":"https:\/\/agora.xtec.cat\/ieslajonquera\/wp-json\/wp\/v2\/types\/post"}],"author":[{"embeddable":true,"href":"https:\/\/agora.xtec.cat\/ieslajonquera\/wp-json\/wp\/v2\/users\/3"}],"replies":[{"embeddable":true,"href":"https:\/\/agora.xtec.cat\/ieslajonquera\/wp-json\/wp\/v2\/comments?post=3509"}],"version-history":[{"count":3,"href":"https:\/\/agora.xtec.cat\/ieslajonquera\/wp-json\/wp\/v2\/posts\/3509\/revisions"}],"predecessor-version":[{"id":3514,"href":"https:\/\/agora.xtec.cat\/ieslajonquera\/wp-json\/wp\/v2\/posts\/3509\/revisions\/3514"}],"wp:featuredmedia":[{"embeddable":true,"href":"https:\/\/agora.xtec.cat\/ieslajonquera\/wp-json\/wp\/v2\/media\/3510"}],"wp:attachment":[{"href":"https:\/\/agora.xtec.cat\/ieslajonquera\/wp-json\/wp\/v2\/media?parent=3509"}],"wp:term":[{"taxonomy":"category","embeddable":true,"href":"https:\/\/agora.xtec.cat\/ieslajonquera\/wp-json\/wp\/v2\/categories?post=3509"},{"taxonomy":"post_tag","embeddable":true,"href":"https:\/\/agora.xtec.cat\/ieslajonquera\/wp-json\/wp\/v2\/tags?post=3509"}],"curies":[{"name":"wp","href":"https:\/\/api.w.org\/{rel}","templated":true}]}}