{"id":3500,"date":"2022-02-17T15:50:03","date_gmt":"2022-02-17T14:50:03","guid":{"rendered":"https:\/\/agora.xtec.cat\/ieslajonquera\/?p=3500"},"modified":"2022-02-17T15:50:03","modified_gmt":"2022-02-17T14:50:03","slug":"visita-als-bunquers-de-la-jonquera-2","status":"publish","type":"post","link":"https:\/\/agora.xtec.cat\/ieslajonquera\/general\/visita-als-bunquers-de-la-jonquera-2\/","title":{"rendered":"Visita als b\u00fanquers de la Jonquera"},"content":{"rendered":"<p style=\"text-align: justify;\"><a href=\"https:\/\/agora.xtec.cat\/ieslajonquera\/wp-content\/uploads\/usu2014\/2022\/02\/20220210_10331611.jpg\"><img loading=\"lazy\" decoding=\"async\" class=\"size-medium wp-image-3504 alignleft\" src=\"https:\/\/agora.xtec.cat\/ieslajonquera\/wp-content\/uploads\/usu2014\/2022\/02\/20220210_10331611-300x225.jpg\" alt=\"\" width=\"300\" height=\"225\" \/><\/a>L&#8217;alumnat de 1r d&#8217;ESO va fer una sortida de Tutoria per con\u00e8ixer alguns b\u00fanquers de la Jonquera en el marc del projecte de centre &#8220;La Guerra Civil: la nostra hist\u00f2ria&#8221; i amb l&#8217;acompanyament de l&#8217;historiador Miquel Serrano, del MUME.<\/p>\n<p style=\"text-align: justify;\">Durant la postguerra, a la Jonquera, com a principal espai fronterer amb Fran\u00e7a, l&#8217;Ex\u00e8rcit de la dictadura militar va construir desenes de fortificacions defensives (coneguts popularment com a b\u00fanquers) en previsi\u00f3 d&#8217;una hipot\u00e8tica invasi\u00f3 procedent del nord. Se&#8217;n van construir en diverses fases i n&#8217;hi ha molts exemplars i amb diferents funcions, com ara els que havien d&#8217;allotjar metralladores, canons antitanc, o b\u00e9 els observatoris i refugis de personal. En concret, el b\u00fanquer a qu\u00e8 van accedir n&#8217;\u00e9s un de doble metralladora, del &#8220;Centro de Resistecia 10&#8221;, constru\u00eft l&#8217;any 1943.<\/p>\n","protected":false},"excerpt":{"rendered":"<p><a href=\"https:\/\/agora.xtec.cat\/ieslajonquera\/wp-content\/uploads\/usu2014\/2022\/02\/20220210_10331611.jpg\"><\/a>L&#8217;alumnat de 1r d&#8217;ESO va fer una sortida de Tutoria per con\u00e8ixer alguns b\u00fanquers de la Jonquera en el marc del projecte de centre &#8220;La Guerra Civil: la nostra hist\u00f2ria&#8221; i amb l&#8217;acompanyament de l&#8217;historiador Miquel Serrano, del MUME.<br \/>\nDurant la postguerra, a la Jonquera,&hellip;  <a href=\"https:\/\/agora.xtec.cat\/ieslajonquera\/general\/visita-als-bunquers-de-la-jonquera-2\/\" title=\"Read Visita als b\u00fanquers de la Jonquera\">Llegeix m\u00e9s\u00bb<\/a><\/p>\n","protected":false},"author":3,"featured_media":0,"comment_status":"open","ping_status":"closed","sticky":false,"template":"","format":"standard","meta":{"_bbp_topic_count":0,"_bbp_reply_count":0,"_bbp_total_topic_count":0,"_bbp_total_reply_count":0,"_bbp_voice_count":0,"_bbp_anonymous_reply_count":0,"_bbp_topic_count_hidden":0,"_bbp_reply_count_hidden":0,"_bbp_forum_subforum_count":0,"footnotes":""},"categories":[1],"tags":[152,145,39],"class_list":["post-3500","post","type-post","status-publish","format-standard","hentry","category-general","tag-guerra-civil","tag-historia","tag-sortides"],"post_mailing_queue_ids":[],"_links":{"self":[{"href":"https:\/\/agora.xtec.cat\/ieslajonquera\/wp-json\/wp\/v2\/posts\/3500","targetHints":{"allow":["GET"]}}],"collection":[{"href":"https:\/\/agora.xtec.cat\/ieslajonquera\/wp-json\/wp\/v2\/posts"}],"about":[{"href":"https:\/\/agora.xtec.cat\/ieslajonquera\/wp-json\/wp\/v2\/types\/post"}],"author":[{"embeddable":true,"href":"https:\/\/agora.xtec.cat\/ieslajonquera\/wp-json\/wp\/v2\/users\/3"}],"replies":[{"embeddable":true,"href":"https:\/\/agora.xtec.cat\/ieslajonquera\/wp-json\/wp\/v2\/comments?post=3500"}],"version-history":[{"count":3,"href":"https:\/\/agora.xtec.cat\/ieslajonquera\/wp-json\/wp\/v2\/posts\/3500\/revisions"}],"predecessor-version":[{"id":3516,"href":"https:\/\/agora.xtec.cat\/ieslajonquera\/wp-json\/wp\/v2\/posts\/3500\/revisions\/3516"}],"wp:attachment":[{"href":"https:\/\/agora.xtec.cat\/ieslajonquera\/wp-json\/wp\/v2\/media?parent=3500"}],"wp:term":[{"taxonomy":"category","embeddable":true,"href":"https:\/\/agora.xtec.cat\/ieslajonquera\/wp-json\/wp\/v2\/categories?post=3500"},{"taxonomy":"post_tag","embeddable":true,"href":"https:\/\/agora.xtec.cat\/ieslajonquera\/wp-json\/wp\/v2\/tags?post=3500"}],"curies":[{"name":"wp","href":"https:\/\/api.w.org\/{rel}","templated":true}]}}