{"id":3492,"date":"2022-02-09T10:07:49","date_gmt":"2022-02-09T09:07:49","guid":{"rendered":"https:\/\/agora.xtec.cat\/ieslajonquera\/?p=3492"},"modified":"2022-02-09T10:07:49","modified_gmt":"2022-02-09T09:07:49","slug":"visites-al-mume-a-1r-i-2n-deso","status":"publish","type":"post","link":"https:\/\/agora.xtec.cat\/ieslajonquera\/general\/visites-al-mume-a-1r-i-2n-deso\/","title":{"rendered":"Visites al MUME a 1r i 2n d&#8217;ESO"},"content":{"rendered":"<p style=\"text-align: justify;\">L&#8217;alumnat de 1r i 2n d&#8217;ESO ha visitat el MUME en el marc del projecte de centre &#8220;La Guerra Civil: la nostra hist\u00f2ria&#8221;, que pret\u00e9n aprofundir en aquest fer hist\u00f2ric dels de la perspectiva de diferents mat\u00e8ries i al llarg de tots els cursos de l&#8217;ESO i el Batxillerat.<\/p>\n<p style=\"text-align: justify;\"><a href=\"https:\/\/agora.xtec.cat\/ieslajonquera\/wp-content\/uploads\/usu2014\/2022\/02\/Mume-1r-1.jpg\"><img loading=\"lazy\" decoding=\"async\" class=\"size-medium wp-image-3493 alignleft\" src=\"https:\/\/agora.xtec.cat\/ieslajonquera\/wp-content\/uploads\/usu2014\/2022\/02\/Mume-1r-1-300x225.jpg\" alt=\"\" width=\"300\" height=\"225\" \/><\/a>A 1r d&#8217;ESO van fer el taller &#8220;Not\u00edcies de l&#8217;exili&#8221;, en qu\u00e8 van treballar al llarg del mat\u00ed, de manera participativa i l\u00fadica, com a reporters i experts en periodisme d\u2019investigaci\u00f3, tot endinsant-se en el m\u00f3n de la mem\u00f2ria col\u00b7lectiva i individual &#8211; mitjan\u00e7ant les t\u00e8cniques pr\u00f2pies de la hist\u00f2ria oral -, en la recollida d\u2019informaci\u00f3 d\u2019altres fonts documentals i en el tractament i comunicaci\u00f3 d\u2019acord amb els mitjans televisius.<\/p>\n<p>&nbsp;<\/p>\n<p>&nbsp;<\/p>\n<p style=\"text-align: justify;\"><a href=\"https:\/\/agora.xtec.cat\/ieslajonquera\/wp-content\/uploads\/usu2014\/2022\/02\/Mume-2n.jpg\"><img loading=\"lazy\" decoding=\"async\" class=\"size-medium wp-image-3494 alignleft\" src=\"https:\/\/agora.xtec.cat\/ieslajonquera\/wp-content\/uploads\/usu2014\/2022\/02\/Mume-2n-300x225.jpg\" alt=\"\" width=\"300\" height=\"225\" \/><\/a>A 2n d&#8217;ESO van fer el taller &#8220;L&#8217;exili i el mass media&#8221;, en qu\u00e8 van treballar al llarg del mat\u00ed, de manera participativa i l\u00fadica, la relaci\u00f3 entre un fenomen hist\u00f2ric com l\u2019exili, universal en el temps i l\u2019espai, amb els mitjans de comunicaci\u00f3, la premsa escrita, la r\u00e0dio, la televisi\u00f3 o el cinema, amb la finalitat d\u2019establir un joc de comparacions entre la visi\u00f3 de l\u2019exili del 39 i la que predomina actualment en els mitjans de comunicaci\u00f3 sobre els exilis del present.<\/p>\n<div style=\"text-align: justify;\"><\/div>\n","protected":false},"excerpt":{"rendered":"<p>L&#8217;alumnat de 1r i 2n d&#8217;ESO ha visitat el MUME en el marc del projecte de centre &#8220;La Guerra Civil: la nostra hist\u00f2ria&#8221;, que pret\u00e9n aprofundir en aquest fer hist\u00f2ric dels de la perspectiva de diferents mat\u00e8ries i al llarg de tots els cursos de&hellip;  <a href=\"https:\/\/agora.xtec.cat\/ieslajonquera\/general\/visites-al-mume-a-1r-i-2n-deso\/\" title=\"Read Visites al MUME a 1r i 2n d&#8217;ESO\">Llegeix m\u00e9s\u00bb<\/a><\/p>\n","protected":false},"author":3,"featured_media":0,"comment_status":"open","ping_status":"closed","sticky":false,"template":"","format":"standard","meta":{"_bbp_topic_count":0,"_bbp_reply_count":0,"_bbp_total_topic_count":0,"_bbp_total_reply_count":0,"_bbp_voice_count":0,"_bbp_anonymous_reply_count":0,"_bbp_topic_count_hidden":0,"_bbp_reply_count_hidden":0,"_bbp_forum_subforum_count":0,"footnotes":""},"categories":[1],"tags":[145,39],"class_list":["post-3492","post","type-post","status-publish","format-standard","hentry","category-general","tag-historia","tag-sortides"],"post_mailing_queue_ids":[],"_links":{"self":[{"href":"https:\/\/agora.xtec.cat\/ieslajonquera\/wp-json\/wp\/v2\/posts\/3492","targetHints":{"allow":["GET"]}}],"collection":[{"href":"https:\/\/agora.xtec.cat\/ieslajonquera\/wp-json\/wp\/v2\/posts"}],"about":[{"href":"https:\/\/agora.xtec.cat\/ieslajonquera\/wp-json\/wp\/v2\/types\/post"}],"author":[{"embeddable":true,"href":"https:\/\/agora.xtec.cat\/ieslajonquera\/wp-json\/wp\/v2\/users\/3"}],"replies":[{"embeddable":true,"href":"https:\/\/agora.xtec.cat\/ieslajonquera\/wp-json\/wp\/v2\/comments?post=3492"}],"version-history":[{"count":1,"href":"https:\/\/agora.xtec.cat\/ieslajonquera\/wp-json\/wp\/v2\/posts\/3492\/revisions"}],"predecessor-version":[{"id":3495,"href":"https:\/\/agora.xtec.cat\/ieslajonquera\/wp-json\/wp\/v2\/posts\/3492\/revisions\/3495"}],"wp:attachment":[{"href":"https:\/\/agora.xtec.cat\/ieslajonquera\/wp-json\/wp\/v2\/media?parent=3492"}],"wp:term":[{"taxonomy":"category","embeddable":true,"href":"https:\/\/agora.xtec.cat\/ieslajonquera\/wp-json\/wp\/v2\/categories?post=3492"},{"taxonomy":"post_tag","embeddable":true,"href":"https:\/\/agora.xtec.cat\/ieslajonquera\/wp-json\/wp\/v2\/tags?post=3492"}],"curies":[{"name":"wp","href":"https:\/\/api.w.org\/{rel}","templated":true}]}}