{"id":3482,"date":"2022-02-05T09:13:03","date_gmt":"2022-02-05T08:13:03","guid":{"rendered":"https:\/\/agora.xtec.cat\/ieslajonquera\/?p=3482"},"modified":"2022-02-08T12:34:09","modified_gmt":"2022-02-08T11:34:09","slug":"xerrada-stem-tu-a-tecnologia","status":"publish","type":"post","link":"https:\/\/agora.xtec.cat\/ieslajonquera\/general\/xerrada-stem-tu-a-tecnologia\/","title":{"rendered":"Xerrada STEM &#038; Tu a Tecnologia"},"content":{"rendered":"<p style=\"text-align: justify;\"><a href=\"https:\/\/agora.xtec.cat\/ieslajonquera\/wp-content\/uploads\/usu2014\/2022\/02\/IMG-20220204-WA0000.jpg\"><img loading=\"lazy\" decoding=\"async\" class=\"size-medium wp-image-3483 alignleft\" src=\"https:\/\/agora.xtec.cat\/ieslajonquera\/wp-content\/uploads\/usu2014\/2022\/02\/IMG-20220204-WA0000-300x225.jpg\" alt=\"\" width=\"300\" height=\"225\" \/><\/a><a href=\"https:\/\/agora.xtec.cat\/ieslajonquera\/wp-content\/uploads\/usu2014\/2022\/02\/IMG-20220208-WA0001-1.jpg\"><img loading=\"lazy\" decoding=\"async\" class=\"size-medium wp-image-3490 alignleft\" src=\"https:\/\/agora.xtec.cat\/ieslajonquera\/wp-content\/uploads\/usu2014\/2022\/02\/IMG-20220208-WA0001-1-300x225.jpg\" alt=\"\" width=\"300\" height=\"225\" \/><\/a>Aquesta setmana, a Tecnologia, els alumnes de 4t d&#8217;ESO i 2n de Batxillerat han assistit a una xerrada sobre STEM &amp; Tu en format virtual. La xerrada l&#8217;ha impartit l&#8217;estudiant de 2n de Telecos Josep Menci\u00f3n i ha estat molt enriquidora.<\/p>\n<p style=\"text-align: justify;\">Moltes gr\u00e0cies!<\/p>\n<p style=\"text-align: justify;\">Es tracta d\u2019una activitat que vol fomentar les <strong>STEM\u00a0(Science Tecnology Enginyering and Mathematics),\u00a0<\/strong>a trav\u00e9s de xerrades din\u00e0miques i tallers demostradors que volen acostar la ci\u00e8ncia i la tecnologia als estudiants d\u2019ESO i Batxillerat des del punt de vista de les Tecnologies de la Informaci\u00f3 i la Comunicaci\u00f3 (TIC) i de les Telecomunicacions en particular. Les tem\u00e0tiques versen sobre <strong>ciberseguretat<\/strong>, <strong>processament d\u2019imatge i audiovisual<\/strong> i <strong>bioenginyeria<\/strong>. El programa compta amb el patrocini de l\u2019empresa <strong>Everis<\/strong>.<\/p>\n","protected":false},"excerpt":{"rendered":"<p><a href=\"https:\/\/agora.xtec.cat\/ieslajonquera\/wp-content\/uploads\/usu2014\/2022\/02\/IMG-20220204-WA0000.jpg\"><\/a><a href=\"https:\/\/agora.xtec.cat\/ieslajonquera\/wp-content\/uploads\/usu2014\/2022\/02\/IMG-20220208-WA0001-1.jpg\"><\/a>Aquesta setmana, a Tecnologia, els alumnes de 4t d&#8217;ESO i 2n de Batxillerat han assistit a una xerrada sobre STEM &amp; Tu en format virtual. La xerrada l&#8217;ha impartit l&#8217;estudiant de 2n de Telecos Josep Menci\u00f3n i ha estat molt enriquidora.<br \/>\nMoltes gr\u00e0cies!<br \/>\nEs tracta&hellip;  <a href=\"https:\/\/agora.xtec.cat\/ieslajonquera\/general\/xerrada-stem-tu-a-tecnologia\/\" title=\"Read Xerrada STEM &#038; Tu a Tecnologia\">Llegeix m\u00e9s\u00bb<\/a><\/p>\n","protected":false},"author":3,"featured_media":0,"comment_status":"open","ping_status":"closed","sticky":false,"template":"","format":"standard","meta":{"_bbp_topic_count":0,"_bbp_reply_count":0,"_bbp_total_topic_count":0,"_bbp_total_reply_count":0,"_bbp_voice_count":0,"_bbp_anonymous_reply_count":0,"_bbp_topic_count_hidden":0,"_bbp_reply_count_hidden":0,"_bbp_forum_subforum_count":0,"footnotes":""},"categories":[1],"tags":[130,138,44],"class_list":["post-3482","post","type-post","status-publish","format-standard","hentry","category-general","tag-conferencies","tag-tecnologia","tag-xerrades"],"post_mailing_queue_ids":[],"_links":{"self":[{"href":"https:\/\/agora.xtec.cat\/ieslajonquera\/wp-json\/wp\/v2\/posts\/3482","targetHints":{"allow":["GET"]}}],"collection":[{"href":"https:\/\/agora.xtec.cat\/ieslajonquera\/wp-json\/wp\/v2\/posts"}],"about":[{"href":"https:\/\/agora.xtec.cat\/ieslajonquera\/wp-json\/wp\/v2\/types\/post"}],"author":[{"embeddable":true,"href":"https:\/\/agora.xtec.cat\/ieslajonquera\/wp-json\/wp\/v2\/users\/3"}],"replies":[{"embeddable":true,"href":"https:\/\/agora.xtec.cat\/ieslajonquera\/wp-json\/wp\/v2\/comments?post=3482"}],"version-history":[{"count":2,"href":"https:\/\/agora.xtec.cat\/ieslajonquera\/wp-json\/wp\/v2\/posts\/3482\/revisions"}],"predecessor-version":[{"id":3491,"href":"https:\/\/agora.xtec.cat\/ieslajonquera\/wp-json\/wp\/v2\/posts\/3482\/revisions\/3491"}],"wp:attachment":[{"href":"https:\/\/agora.xtec.cat\/ieslajonquera\/wp-json\/wp\/v2\/media?parent=3482"}],"wp:term":[{"taxonomy":"category","embeddable":true,"href":"https:\/\/agora.xtec.cat\/ieslajonquera\/wp-json\/wp\/v2\/categories?post=3482"},{"taxonomy":"post_tag","embeddable":true,"href":"https:\/\/agora.xtec.cat\/ieslajonquera\/wp-json\/wp\/v2\/tags?post=3482"}],"curies":[{"name":"wp","href":"https:\/\/api.w.org\/{rel}","templated":true}]}}