{"id":3478,"date":"2022-02-05T09:05:07","date_gmt":"2022-02-05T08:05:07","guid":{"rendered":"https:\/\/agora.xtec.cat\/ieslajonquera\/?p=3478"},"modified":"2022-02-05T09:05:07","modified_gmt":"2022-02-05T08:05:07","slug":"ja-ens-han-arribat-els-diplomes-del-delf-a2-b1-i-b2","status":"publish","type":"post","link":"https:\/\/agora.xtec.cat\/ieslajonquera\/general\/ja-ens-han-arribat-els-diplomes-del-delf-a2-b1-i-b2\/","title":{"rendered":"Ja ens han arribat els diplomes del DELF A2, B1 i B2!"},"content":{"rendered":"<p style=\"text-align: justify;\"><a href=\"https:\/\/agora.xtec.cat\/ieslajonquera\/wp-content\/uploads\/usu2014\/2022\/02\/IMG-20220204-WA0004.jpg\"><img loading=\"lazy\" decoding=\"async\" class=\"size-medium wp-image-3480 alignleft\" src=\"https:\/\/agora.xtec.cat\/ieslajonquera\/wp-content\/uploads\/usu2014\/2022\/02\/IMG-20220204-WA0004-300x169.jpg\" alt=\"\" width=\"300\" height=\"169\" srcset=\"https:\/\/agora.xtec.cat\/ieslajonquera\/wp-content\/uploads\/usu2014\/2022\/02\/IMG-20220204-WA0004-300x169.jpg 300w, https:\/\/agora.xtec.cat\/ieslajonquera\/wp-content\/uploads\/usu2014\/2022\/02\/IMG-20220204-WA0004-1024x576.jpg 1024w, https:\/\/agora.xtec.cat\/ieslajonquera\/wp-content\/uploads\/usu2014\/2022\/02\/IMG-20220204-WA0004-768x432.jpg 768w, https:\/\/agora.xtec.cat\/ieslajonquera\/wp-content\/uploads\/usu2014\/2022\/02\/IMG-20220204-WA0004-1536x864.jpg 1536w, https:\/\/agora.xtec.cat\/ieslajonquera\/wp-content\/uploads\/usu2014\/2022\/02\/IMG-20220204-WA0004.jpg 2048w\" sizes=\"auto, (max-width: 300px) 100vw, 300px\" \/><\/a>Ja ens han arribat els diplomes del DELF dels seg\u00fcents alumnes, que es van examinar el curs passat:<\/p>\n<p style=\"text-align: justify;\">A2: Daniel Cort\u00e9s, Jhonatan Garc\u00eda, Emma Penalva, Sara Sab\u00e0 i Ilias Zegaf<\/p>\n<p style=\"text-align: justify;\">B1: Judit Casanovas, Mariona Fiol, Daniela Garc\u00eda, Yuri Lechuga, Guillem Llinares, N\u00faria L\u00f3pez del Amo, Marc Mal\u00e9, Ivet Planellas, Joana Puigmal, Rafael Ram\u00edrez, Salma Rebroub, \u00c0gata Rod\u00e0, Carla Rod\u00e0, Carla Sabart\u00e9s, Marina Caixach, Pau Coloma, Renata D\u00e9cima, Aitor L\u00f3pez, Roc Oliva, Marina Pallarols i Eulalia Xia<\/p>\n<p style=\"text-align: justify;\">B2: Lia Bonaterra, Marta Llosa, Iv\u00e1n Mart\u00ednez, Laura Moreno i Ilias Zegaf<\/p>\n<p style=\"text-align: justify;\"><span class=\"ILfuVd\"><span class=\"hgKElc\">El DELF \u00e9s un diploma oficial expedit pel Ministeri franc\u00e8s d&#8217;Educaci\u00f3 que certifica les compet\u00e8ncies en franc\u00e8s dels candidats extrangers i que al nostre centre es prepara des de la mat\u00e8ria optativa Franc\u00e8s a 4t d&#8217;ESO i des dels estudis de Batxibac.<\/span><\/span><\/p>\n<p>Enhorabona!<\/p>\n","protected":false},"excerpt":{"rendered":"<p><a href=\"https:\/\/agora.xtec.cat\/ieslajonquera\/wp-content\/uploads\/usu2014\/2022\/02\/IMG-20220204-WA0004.jpg\"><\/a>Ja ens han arribat els diplomes del DELF dels seg\u00fcents alumnes, que es van examinar el curs passat:<br \/>\nA2: Daniel Cort\u00e9s, Jhonatan Garc\u00eda, Emma Penalva, Sara Sab\u00e0 i Ilias Zegaf<br \/>\nB1: Judit Casanovas, Mariona Fiol, Daniela Garc\u00eda, Yuri Lechuga, Guillem Llinares, N\u00faria L\u00f3pez del Amo, Marc&hellip;  <a href=\"https:\/\/agora.xtec.cat\/ieslajonquera\/general\/ja-ens-han-arribat-els-diplomes-del-delf-a2-b1-i-b2\/\" title=\"Read Ja ens han arribat els diplomes del DELF A2, B1 i B2!\">Llegeix m\u00e9s\u00bb<\/a><\/p>\n","protected":false},"author":3,"featured_media":3480,"comment_status":"open","ping_status":"closed","sticky":false,"template":"","format":"standard","meta":{"_bbp_topic_count":0,"_bbp_reply_count":0,"_bbp_total_topic_count":0,"_bbp_total_reply_count":0,"_bbp_voice_count":0,"_bbp_anonymous_reply_count":0,"_bbp_topic_count_hidden":0,"_bbp_reply_count_hidden":0,"_bbp_forum_subforum_count":0,"footnotes":""},"categories":[1],"tags":[129],"class_list":["post-3478","post","type-post","status-publish","format-standard","has-post-thumbnail","hentry","category-general","tag-frances"],"post_mailing_queue_ids":[],"_links":{"self":[{"href":"https:\/\/agora.xtec.cat\/ieslajonquera\/wp-json\/wp\/v2\/posts\/3478","targetHints":{"allow":["GET"]}}],"collection":[{"href":"https:\/\/agora.xtec.cat\/ieslajonquera\/wp-json\/wp\/v2\/posts"}],"about":[{"href":"https:\/\/agora.xtec.cat\/ieslajonquera\/wp-json\/wp\/v2\/types\/post"}],"author":[{"embeddable":true,"href":"https:\/\/agora.xtec.cat\/ieslajonquera\/wp-json\/wp\/v2\/users\/3"}],"replies":[{"embeddable":true,"href":"https:\/\/agora.xtec.cat\/ieslajonquera\/wp-json\/wp\/v2\/comments?post=3478"}],"version-history":[{"count":2,"href":"https:\/\/agora.xtec.cat\/ieslajonquera\/wp-json\/wp\/v2\/posts\/3478\/revisions"}],"predecessor-version":[{"id":3481,"href":"https:\/\/agora.xtec.cat\/ieslajonquera\/wp-json\/wp\/v2\/posts\/3478\/revisions\/3481"}],"wp:featuredmedia":[{"embeddable":true,"href":"https:\/\/agora.xtec.cat\/ieslajonquera\/wp-json\/wp\/v2\/media\/3480"}],"wp:attachment":[{"href":"https:\/\/agora.xtec.cat\/ieslajonquera\/wp-json\/wp\/v2\/media?parent=3478"}],"wp:term":[{"taxonomy":"category","embeddable":true,"href":"https:\/\/agora.xtec.cat\/ieslajonquera\/wp-json\/wp\/v2\/categories?post=3478"},{"taxonomy":"post_tag","embeddable":true,"href":"https:\/\/agora.xtec.cat\/ieslajonquera\/wp-json\/wp\/v2\/tags?post=3478"}],"curies":[{"name":"wp","href":"https:\/\/api.w.org\/{rel}","templated":true}]}}