{"id":3461,"date":"2022-01-31T18:36:43","date_gmt":"2022-01-31T17:36:43","guid":{"rendered":"https:\/\/agora.xtec.cat\/ieslajonquera\/?p=3461"},"modified":"2022-01-31T19:09:58","modified_gmt":"2022-01-31T18:09:58","slug":"proves-per-obtenir-el-graduat-en-eso","status":"publish","type":"post","link":"https:\/\/agora.xtec.cat\/ieslajonquera\/general\/proves-per-obtenir-el-graduat-en-eso\/","title":{"rendered":"Proves per obtenir el graduat en ESO"},"content":{"rendered":"<p style=\"text-align: justify;\"><a href=\"https:\/\/agora.xtec.cat\/ieslajonquera\/wp-content\/uploads\/usu2014\/2022\/01\/Proves-per-obtenir-el-graduat-en-ESO1-1.png\"><img loading=\"lazy\" decoding=\"async\" class=\" wp-image-3466 alignleft\" src=\"https:\/\/agora.xtec.cat\/ieslajonquera\/wp-content\/uploads\/usu2014\/2022\/01\/Proves-per-obtenir-el-graduat-en-ESO1-1-300x300.png\" alt=\"\" width=\"186\" height=\"186\" srcset=\"https:\/\/agora.xtec.cat\/ieslajonquera\/wp-content\/uploads\/usu2014\/2022\/01\/Proves-per-obtenir-el-graduat-en-ESO1-1-300x300.png 300w, https:\/\/agora.xtec.cat\/ieslajonquera\/wp-content\/uploads\/usu2014\/2022\/01\/Proves-per-obtenir-el-graduat-en-ESO1-1.png 1024w, https:\/\/agora.xtec.cat\/ieslajonquera\/wp-content\/uploads\/usu2014\/2022\/01\/Proves-per-obtenir-el-graduat-en-ESO1-1-150x150.png 150w, https:\/\/agora.xtec.cat\/ieslajonquera\/wp-content\/uploads\/usu2014\/2022\/01\/Proves-per-obtenir-el-graduat-en-ESO1-1-768x768.png 768w\" sizes=\"auto, (max-width: 186px) 100vw, 186px\" \/><\/a>Cada any es convoquen proves per a l&#8217;obtenci\u00f3 del t\u00edtol de graduat\/ada en educaci\u00f3 secund\u00e0ria obligat\u00f2ria (GESO), per als alumnes que no l&#8217;hagin obtingut en finalitzar l&#8217;etapa.<\/p>\n<h6 id=\"h20\" style=\"text-align: justify;\">\u200b<strong>Centre de realitzaci\u00f3 de les proves<\/strong><\/h6>\n<p style=\"text-align: justify;\">El centre sempre ha de ser aquell on es troba l\u2019expedient de l\u2019alumne o alumna.<\/p>\n<h6 id=\"h21\" style=\"text-align: justify;\"><strong>Alumnes que poden presentar-s&#8217;hi<\/strong><\/h6>\n<p style=\"text-align: justify;\">Els tres requisits que han de reunir els alumnes per poder presentar-se a aquestes proves l\u2019any 2021 s\u00f3n:<\/p>\n<ol style=\"text-align: justify;\">\n<li><strong>Haver finalitzat l&#8217;ESO l\u2019any 2020\u00a0o 2021<\/strong>.<\/li>\n<li><strong>T<\/strong><strong>enir almenys 18 anys o complir-los dins de l&#8217;any 2022<\/strong>. Tamb\u00e9 hi pot conc\u00f3rrer l\u2019alumne o alumna que faci els 17 anys l\u2019any 2022\u00a0sempre que compleixi alguna de les condicions seg\u00fcents:<br \/>\n<blockquote><p>&#8211; Tenir un contracte laboral que l\u2019impedeixi assistir al centre en r\u00e8gim ordinari.<br \/>\n\u200b- Trobar-se en proc\u00e9s d&#8217;obtenci\u00f3 d&#8217;un perm\u00eds de treball (alumnat estranger).<br \/>\n&#8211; Ser esportista d&#8217;alt rendiment.<\/p><\/blockquote>\n<\/li>\n<li><strong>Haver cursat l\u2019ESO (el quart curs incl\u00f2s) sense haver obtingut el t\u00edtol<\/strong> i amb un m\u00e0xim de cinc mat\u00e8ries pendents de qualificaci\u00f3 positiva.<\/li>\n<\/ol>\n<p style=\"text-align: justify;\">En aplicaci\u00f3 d\u2019aquests requisits, queden exclosos de les proves els alumnes inscrits per repetir quart d\u2019ESO en el present curs 2021-2022. En canvi, hi poden conc\u00f3rrer els alumnes que estan matriculats en ensenyaments d&#8217;adults o a l&#8217;Institut Obert de Catalunya, sempre que compleixin els tres requisits abans esmentats.\u200b<\/p>\n<h6 style=\"text-align: justify;\"><strong>Calendari del procediment<\/strong><\/h6>\n<table class=\"ms-rteTable-5\" style=\"width: 100%;\" width=\"100%\" cellspacing=\"1\" cellpadding=\"3\">\n<tbody>\n<tr class=\"ms-rteTableHeaderRow-5\">\n<th class=\"ms-rteTableHeaderEvenCol-5\" style=\"width: 74.7643%;\" colspan=\"1\" rowspan=\"1\">\u200b<strong>Tasque\u200bs<\/strong><\/th>\n<th class=\"ms-rteTableHeaderOddCol-5\" style=\"width: 31.0788%;\" colspan=\"1\" rowspan=\"1\">\u200b<strong>Calendari<\/strong><\/th>\n<\/tr>\n<tr class=\"ms-rteTableOddRow-5\">\n<td class=\"ms-rteTableEvenCol-5\" style=\"width: 74.7643%;\" width=\"60%\">Publicaci\u00f3 al tauler d&#8217;anuncis del centre o al seu web dels cont\u200binguts i els criteris d&#8217;avaluaci\u00f3 m\u00ednims exigibles per a la superaci\u00f3 de cadascuna de les mat\u00e8ries<\/td>\n<td class=\"ms-rteTableOddCol-5\" style=\"width: 31.0788%;\">Abans d&#8217;obrir-se el per\u00edode d&#8217;inscripci\u00f3<\/td>\n<\/tr>\n<tr class=\"ms-rteTableEvenRow-5\">\n<td class=\"ms-rteTableEvenCol-5\" style=\"width: 74.7643%;\">Termini de presentaci\u00f3 de sol\u00b7licituds d&#8217;inscripci\u00f3<\/td>\n<td class=\"ms-rteTableOddCol-5\" style=\"width: 31.0788%;\">De l\u20191 al 14 de febrer de 2022<\/td>\n<\/tr>\n<tr class=\"ms-rteTableOddRow-5\">\n<td class=\"ms-rteTableEvenCol-5\" style=\"width: 74.7643%;\">Publicaci\u00f3 al tauler d\u2019anuncis del centre del calendari de les proves i de les llistes d&#8217;admesos i exclosos<\/td>\n<td class=\"ms-rteTableOddCol-5\" style=\"width: 31.0788%;\">Entre el 15 i el 21 de febrer de 2022<\/td>\n<\/tr>\n<tr class=\"ms-rteTableEvenRow-5\">\n<td class=\"ms-rteTableEvenCol-5\" style=\"width: 74.7643%;\">Termini de presentaci\u00f3 de reclamacions a les llistes d&#8217;admesos i exclosos<\/td>\n<td class=\"ms-rteTableOddCol-5\" style=\"width: 31.0788%;\">Del 22 al 25 de febrer de 2022<\/td>\n<\/tr>\n<tr class=\"ms-rteTableOddRow-5\">\n<td class=\"ms-rteTableEvenCol-5\" style=\"width: 74.7643%;\">\u200bRealitzaci\u00f3 de les proves<\/td>\n<td class=\"ms-rteTableOddCol-5\" style=\"width: 31.0788%;\">Del 2 al 15 de mar\u00e7 de 2022*<\/td>\n<\/tr>\n<\/tbody>\n<\/table>\n<p style=\"text-align: justify;\">*La prova es realitzar\u00e0 preferentment entre el 2 i el 4 de mar\u00e7 perqu\u00e8 hi hagi temps de convocar una segona vegada, dins del per\u00edode establert, les persones que puguin estar confinades el dia de la prova.<\/p>\n<p style=\"text-align: justify;\">Si a causa de les restriccions sanit\u00e0ries, el centre roman tancat en algun dels per\u00edodes indicats, cal informar les persones inscrites, a trav\u00e9s del correu electr\u00f2nic, sobre quin ser\u00e0 el nou procediment tant de les gestions com de la realitzaci\u00f3 de les proves.\u200b<\/p>\n","protected":false},"excerpt":{"rendered":"<p><a href=\"https:\/\/agora.xtec.cat\/ieslajonquera\/wp-content\/uploads\/usu2014\/2022\/01\/Proves-per-obtenir-el-graduat-en-ESO1-1.png\"><\/a>Cada any es convoquen proves per a l&#8217;obtenci\u00f3 del t\u00edtol de graduat\/ada en educaci\u00f3 secund\u00e0ria obligat\u00f2ria (GESO), per als alumnes que no l&#8217;hagin obtingut en finalitzar l&#8217;etapa.<br \/>\n\u200bCentre de realitzaci\u00f3 de les proves<br \/>\nEl centre sempre ha de ser aquell on es troba l\u2019expedient de l\u2019alumne&hellip;  <a href=\"https:\/\/agora.xtec.cat\/ieslajonquera\/general\/proves-per-obtenir-el-graduat-en-eso\/\" title=\"Read Proves per obtenir el graduat en ESO\">Llegeix m\u00e9s\u00bb<\/a><\/p>\n","protected":false},"author":3,"featured_media":3470,"comment_status":"open","ping_status":"closed","sticky":false,"template":"","format":"standard","meta":{"_bbp_topic_count":0,"_bbp_reply_count":0,"_bbp_total_topic_count":0,"_bbp_total_reply_count":0,"_bbp_voice_count":0,"_bbp_anonymous_reply_count":0,"_bbp_topic_count_hidden":0,"_bbp_reply_count_hidden":0,"_bbp_forum_subforum_count":0,"footnotes":""},"categories":[3,1],"tags":[],"class_list":["post-3461","post","type-post","status-publish","format-standard","has-post-thumbnail","hentry","category-eso","category-general"],"post_mailing_queue_ids":[],"_links":{"self":[{"href":"https:\/\/agora.xtec.cat\/ieslajonquera\/wp-json\/wp\/v2\/posts\/3461","targetHints":{"allow":["GET"]}}],"collection":[{"href":"https:\/\/agora.xtec.cat\/ieslajonquera\/wp-json\/wp\/v2\/posts"}],"about":[{"href":"https:\/\/agora.xtec.cat\/ieslajonquera\/wp-json\/wp\/v2\/types\/post"}],"author":[{"embeddable":true,"href":"https:\/\/agora.xtec.cat\/ieslajonquera\/wp-json\/wp\/v2\/users\/3"}],"replies":[{"embeddable":true,"href":"https:\/\/agora.xtec.cat\/ieslajonquera\/wp-json\/wp\/v2\/comments?post=3461"}],"version-history":[{"count":4,"href":"https:\/\/agora.xtec.cat\/ieslajonquera\/wp-json\/wp\/v2\/posts\/3461\/revisions"}],"predecessor-version":[{"id":3475,"href":"https:\/\/agora.xtec.cat\/ieslajonquera\/wp-json\/wp\/v2\/posts\/3461\/revisions\/3475"}],"wp:featuredmedia":[{"embeddable":true,"href":"https:\/\/agora.xtec.cat\/ieslajonquera\/wp-json\/wp\/v2\/media\/3470"}],"wp:attachment":[{"href":"https:\/\/agora.xtec.cat\/ieslajonquera\/wp-json\/wp\/v2\/media?parent=3461"}],"wp:term":[{"taxonomy":"category","embeddable":true,"href":"https:\/\/agora.xtec.cat\/ieslajonquera\/wp-json\/wp\/v2\/categories?post=3461"},{"taxonomy":"post_tag","embeddable":true,"href":"https:\/\/agora.xtec.cat\/ieslajonquera\/wp-json\/wp\/v2\/tags?post=3461"}],"curies":[{"name":"wp","href":"https:\/\/api.w.org\/{rel}","templated":true}]}}