{"id":3445,"date":"2022-01-27T13:05:45","date_gmt":"2022-01-27T12:05:45","guid":{"rendered":"https:\/\/agora.xtec.cat\/ieslajonquera\/?p=3445"},"modified":"2022-01-27T13:05:45","modified_gmt":"2022-01-27T12:05:45","slug":"alumnes-de-2n-deso-participen-a-la-copa-cangur","status":"publish","type":"post","link":"https:\/\/agora.xtec.cat\/ieslajonquera\/general\/alumnes-de-2n-deso-participen-a-la-copa-cangur\/","title":{"rendered":"Alumnes de 2n d&#8217;ESO participen a la Copa Cangur"},"content":{"rendered":"<p style=\"text-align: justify;\">Alguns alumnes de 2n d&#8217;ESO han participat a la primera fase de la Copa Cangur, que en aquesta edici\u00f3 s&#8217;ha desenvolupat en format telem\u00e0tic i en el cas del nostre centre, sense barrejar alumnes de cursos diferents per la situaci\u00f3 pand\u00e8mica.<\/p>\n<p style=\"text-align: justify;\">Segons la web pr\u00f2pia &#8220;La Copa Cangur \u00e9s un concurs presencial de resoluci\u00f3 de problemes de matem\u00e0tiques per a equips de centre, organitzat per la Societat Catalana de Matem\u00e0tiques i que rep el suport log\u00edstic de Isotropic. Els equips estan formats per 7 alumnes de 2n i 3r d\u2019ESO (excepcionalment hi pot participar algun alumne de 1r) amb la condici\u00f3 que com a m\u00e0xim hi pot haver 4 alumnes de 3r.<\/p>\n<p style=\"text-align: justify;\">En el concurs es presenten 12 problemes i 60 minuts de temps per fer-ne els m\u00e0xims possibles. \u00c9s una cursa contra rellotge on la puntuaci\u00f3 obtinguda per cada problema va variant durant el concurs, i per tant la estrat\u00e8gia d\u2019equip \u00e9s molt important! A m\u00e9s, durant el desenvolupament de la prova els equips poden seguir en directe l\u2019estat del concurs, tant la puntuaci\u00f3 i la classificaci\u00f3 com els encerts i errors que porten acumulats cadascun dels participants. Aix\u00f2 el fa un joc emocionant i divertit, amb les matem\u00e0tiques com a protagonistes.&#8221;<\/p>\n<p><a href=\"https:\/\/agora.xtec.cat\/ieslajonquera\/wp-content\/uploads\/usu2014\/2022\/01\/1643278694960-1-rotated.jpg\"><img loading=\"lazy\" decoding=\"async\" class=\"size-medium wp-image-3446 alignleft\" src=\"https:\/\/agora.xtec.cat\/ieslajonquera\/wp-content\/uploads\/usu2014\/2022\/01\/1643278694960-1-224x300.jpg\" alt=\"\" width=\"224\" height=\"300\" \/><\/a><a href=\"https:\/\/agora.xtec.cat\/ieslajonquera\/wp-content\/uploads\/usu2014\/2022\/01\/1643278822748-1-rotated.jpg\"><img loading=\"lazy\" decoding=\"async\" class=\"size-medium wp-image-3447 alignleft\" src=\"https:\/\/agora.xtec.cat\/ieslajonquera\/wp-content\/uploads\/usu2014\/2022\/01\/1643278822748-1-224x300.jpg\" alt=\"\" width=\"224\" height=\"300\" \/><\/a><\/p>\n","protected":false},"excerpt":{"rendered":"<p>Alguns alumnes de 2n d&#8217;ESO han participat a la primera fase de la Copa Cangur, que en aquesta edici\u00f3 s&#8217;ha desenvolupat en format telem\u00e0tic i en el cas del nostre centre, sense barrejar alumnes de cursos diferents per la situaci\u00f3 pand\u00e8mica.<br \/>\nSegons la web pr\u00f2pia &#8220;La&hellip;  <a href=\"https:\/\/agora.xtec.cat\/ieslajonquera\/general\/alumnes-de-2n-deso-participen-a-la-copa-cangur\/\" title=\"Read Alumnes de 2n d&#8217;ESO participen a la Copa Cangur\">Llegeix m\u00e9s\u00bb<\/a><\/p>\n","protected":false},"author":3,"featured_media":0,"comment_status":"open","ping_status":"closed","sticky":false,"template":"","format":"standard","meta":{"_bbp_topic_count":0,"_bbp_reply_count":0,"_bbp_total_topic_count":0,"_bbp_total_reply_count":0,"_bbp_voice_count":0,"_bbp_anonymous_reply_count":0,"_bbp_topic_count_hidden":0,"_bbp_reply_count_hidden":0,"_bbp_forum_subforum_count":0,"footnotes":""},"categories":[5,1],"tags":[106,131],"class_list":["post-3445","post","type-post","status-publish","format-standard","hentry","category-eso-2","category-general","tag-concurs","tag-matematiques"],"post_mailing_queue_ids":[],"_links":{"self":[{"href":"https:\/\/agora.xtec.cat\/ieslajonquera\/wp-json\/wp\/v2\/posts\/3445","targetHints":{"allow":["GET"]}}],"collection":[{"href":"https:\/\/agora.xtec.cat\/ieslajonquera\/wp-json\/wp\/v2\/posts"}],"about":[{"href":"https:\/\/agora.xtec.cat\/ieslajonquera\/wp-json\/wp\/v2\/types\/post"}],"author":[{"embeddable":true,"href":"https:\/\/agora.xtec.cat\/ieslajonquera\/wp-json\/wp\/v2\/users\/3"}],"replies":[{"embeddable":true,"href":"https:\/\/agora.xtec.cat\/ieslajonquera\/wp-json\/wp\/v2\/comments?post=3445"}],"version-history":[{"count":1,"href":"https:\/\/agora.xtec.cat\/ieslajonquera\/wp-json\/wp\/v2\/posts\/3445\/revisions"}],"predecessor-version":[{"id":3448,"href":"https:\/\/agora.xtec.cat\/ieslajonquera\/wp-json\/wp\/v2\/posts\/3445\/revisions\/3448"}],"wp:attachment":[{"href":"https:\/\/agora.xtec.cat\/ieslajonquera\/wp-json\/wp\/v2\/media?parent=3445"}],"wp:term":[{"taxonomy":"category","embeddable":true,"href":"https:\/\/agora.xtec.cat\/ieslajonquera\/wp-json\/wp\/v2\/categories?post=3445"},{"taxonomy":"post_tag","embeddable":true,"href":"https:\/\/agora.xtec.cat\/ieslajonquera\/wp-json\/wp\/v2\/tags?post=3445"}],"curies":[{"name":"wp","href":"https:\/\/api.w.org\/{rel}","templated":true}]}}