{"id":3440,"date":"2022-01-23T15:23:44","date_gmt":"2022-01-23T14:23:44","guid":{"rendered":"https:\/\/agora.xtec.cat\/ieslajonquera\/?p=3440"},"modified":"2022-01-23T15:25:18","modified_gmt":"2022-01-23T14:25:18","slug":"xerrada-internet-segura-a-1r-deso-3","status":"publish","type":"post","link":"https:\/\/agora.xtec.cat\/ieslajonquera\/general\/xerrada-internet-segura-a-1r-deso-3\/","title":{"rendered":"Xerrada &#8220;Internet segura&#8221; a 1r d&#8217;ESO"},"content":{"rendered":"<p style=\"text-align: justify;\">Els alumnes de 1r d&#8217;ESO van assistir a una xerrada sobre el ciberassetjament a c\u00e0rrec dels Mossos d&#8217;Esquadra. L&#8217;activitat forma part d&#8217;un programa espec\u00edfic del cos policial de la Generalitat de catalunya per a centres educatius, &#8220;Internet segura&#8221;, que t\u00e9 com a objectiu de garantir la seguretat de la comunitat educativa tot prevenint, identificant i reduint els delictes, i millorar la percepci\u00f3 de seguretat ciutadana.<\/p>\n<p>Com que hi havia un gran nombre d&#8217;alumnes confinats, aquests van tenir l&#8217;oportunitat de seguir-la en directe a trav\u00e9s del Meet.<\/p>\n<div class=\"col-sm-8 basic_text_peq\">\n<div class=\"pd-15x link-dotted\">\n<p><a href=\"https:\/\/agora.xtec.cat\/ieslajonquera\/wp-content\/uploads\/usu2014\/2022\/01\/20220120_1031111.jpg\"><img loading=\"lazy\" decoding=\"async\" class=\"size-medium wp-image-3442 alignleft\" src=\"https:\/\/agora.xtec.cat\/ieslajonquera\/wp-content\/uploads\/usu2014\/2022\/01\/20220120_1031111-300x225.jpg\" alt=\"\" width=\"300\" height=\"225\" \/><\/a><a href=\"https:\/\/agora.xtec.cat\/ieslajonquera\/wp-content\/uploads\/usu2014\/2022\/01\/20220120_0936151.jpg\"><img loading=\"lazy\" decoding=\"async\" class=\"size-medium wp-image-3441 alignleft\" src=\"https:\/\/agora.xtec.cat\/ieslajonquera\/wp-content\/uploads\/usu2014\/2022\/01\/20220120_0936151-300x225.jpg\" alt=\"\" width=\"300\" height=\"225\" srcset=\"https:\/\/agora.xtec.cat\/ieslajonquera\/wp-content\/uploads\/usu2014\/2022\/01\/20220120_0936151-300x225.jpg 300w, https:\/\/agora.xtec.cat\/ieslajonquera\/wp-content\/uploads\/usu2014\/2022\/01\/20220120_0936151-768x576.jpg 768w, https:\/\/agora.xtec.cat\/ieslajonquera\/wp-content\/uploads\/usu2014\/2022\/01\/20220120_0936151-200x150.jpg 200w, https:\/\/agora.xtec.cat\/ieslajonquera\/wp-content\/uploads\/usu2014\/2022\/01\/20220120_0936151.jpg 1024w\" sizes=\"auto, (max-width: 300px) 100vw, 300px\" \/><\/a><\/p>\n<\/div>\n<\/div>\n","protected":false},"excerpt":{"rendered":"<p>Els alumnes de 1r d&#8217;ESO van assistir a una xerrada sobre el ciberassetjament a c\u00e0rrec dels Mossos d&#8217;Esquadra. L&#8217;activitat forma part d&#8217;un programa espec\u00edfic del cos policial de la Generalitat de catalunya per a centres educatius, &#8220;Internet segura&#8221;, que t\u00e9 com a objectiu de garantir&hellip;  <a href=\"https:\/\/agora.xtec.cat\/ieslajonquera\/general\/xerrada-internet-segura-a-1r-deso-3\/\" title=\"Read Xerrada &#8220;Internet segura&#8221; a 1r d&#8217;ESO\">Llegeix m\u00e9s\u00bb<\/a><\/p>\n","protected":false},"author":3,"featured_media":3441,"comment_status":"open","ping_status":"closed","sticky":false,"template":"","format":"standard","meta":{"_bbp_topic_count":0,"_bbp_reply_count":0,"_bbp_total_topic_count":0,"_bbp_total_reply_count":0,"_bbp_voice_count":0,"_bbp_anonymous_reply_count":0,"_bbp_topic_count_hidden":0,"_bbp_reply_count_hidden":0,"_bbp_forum_subforum_count":0,"footnotes":""},"categories":[1],"tags":[120,115,44],"class_list":["post-3440","post","type-post","status-publish","format-standard","has-post-thumbnail","hentry","category-general","tag-convivencia","tag-xarxes-socials","tag-xerrades"],"post_mailing_queue_ids":[],"_links":{"self":[{"href":"https:\/\/agora.xtec.cat\/ieslajonquera\/wp-json\/wp\/v2\/posts\/3440","targetHints":{"allow":["GET"]}}],"collection":[{"href":"https:\/\/agora.xtec.cat\/ieslajonquera\/wp-json\/wp\/v2\/posts"}],"about":[{"href":"https:\/\/agora.xtec.cat\/ieslajonquera\/wp-json\/wp\/v2\/types\/post"}],"author":[{"embeddable":true,"href":"https:\/\/agora.xtec.cat\/ieslajonquera\/wp-json\/wp\/v2\/users\/3"}],"replies":[{"embeddable":true,"href":"https:\/\/agora.xtec.cat\/ieslajonquera\/wp-json\/wp\/v2\/comments?post=3440"}],"version-history":[{"count":2,"href":"https:\/\/agora.xtec.cat\/ieslajonquera\/wp-json\/wp\/v2\/posts\/3440\/revisions"}],"predecessor-version":[{"id":3444,"href":"https:\/\/agora.xtec.cat\/ieslajonquera\/wp-json\/wp\/v2\/posts\/3440\/revisions\/3444"}],"wp:featuredmedia":[{"embeddable":true,"href":"https:\/\/agora.xtec.cat\/ieslajonquera\/wp-json\/wp\/v2\/media\/3441"}],"wp:attachment":[{"href":"https:\/\/agora.xtec.cat\/ieslajonquera\/wp-json\/wp\/v2\/media?parent=3440"}],"wp:term":[{"taxonomy":"category","embeddable":true,"href":"https:\/\/agora.xtec.cat\/ieslajonquera\/wp-json\/wp\/v2\/categories?post=3440"},{"taxonomy":"post_tag","embeddable":true,"href":"https:\/\/agora.xtec.cat\/ieslajonquera\/wp-json\/wp\/v2\/tags?post=3440"}],"curies":[{"name":"wp","href":"https:\/\/api.w.org\/{rel}","templated":true}]}}