{"id":3436,"date":"2022-01-23T15:11:40","date_gmt":"2022-01-23T14:11:40","guid":{"rendered":"https:\/\/agora.xtec.cat\/ieslajonquera\/?p=3436"},"modified":"2022-01-23T15:12:03","modified_gmt":"2022-01-23T14:12:03","slug":"practica-sobre-lenergia-solar","status":"publish","type":"post","link":"https:\/\/agora.xtec.cat\/ieslajonquera\/general\/practica-sobre-lenergia-solar\/","title":{"rendered":"Pr\u00e0ctica sobre l&#8217;energia solar a 2n d&#8217;ESO"},"content":{"rendered":"<p style=\"text-align: justify;\"><a href=\"https:\/\/agora.xtec.cat\/ieslajonquera\/wp-content\/uploads\/usu2014\/2022\/01\/IMG-20220119-WA0000.jpg\"><img loading=\"lazy\" decoding=\"async\" class=\"size-medium wp-image-3437 alignleft\" src=\"https:\/\/agora.xtec.cat\/ieslajonquera\/wp-content\/uploads\/usu2014\/2022\/01\/IMG-20220119-WA0000-300x135.jpg\" alt=\"\" width=\"300\" height=\"135\" \/><\/a>Els alumnes de 2n d&#8217;ESO han fet una pr\u00e0ctica sobre l&#8217;energia solar a la mat\u00e8ria de Tecnologia. Han fet servir un recurs pedag\u00f2gic que es diu &#8220;M\u00e9s o menys&#8221; i est\u00e0 coordinat per L&#8217;Ag\u00e8ncia de l&#8217;Energia i Clima de l&#8217;Alt Empord\u00e0 del Consell Comarcal.L\u2019objectiu de l&#8217;activitat \u00e9s sensibilitzar als joves en la utilitzaci\u00f3 d\u2019energies renovables i comprovar experimentalment l\u2019estalvi i l\u2019efici\u00e8ncia energ\u00e8tica a partir d\u2019un comptador i una placa solar fotovoltaica.<\/p>\n","protected":false},"excerpt":{"rendered":"<p><a href=\"https:\/\/agora.xtec.cat\/ieslajonquera\/wp-content\/uploads\/usu2014\/2022\/01\/IMG-20220119-WA0000.jpg\"><\/a>Els alumnes de 2n d&#8217;ESO han fet una pr\u00e0ctica sobre l&#8217;energia solar a la mat\u00e8ria de Tecnologia. Han fet servir un recurs pedag\u00f2gic que es diu &#8220;M\u00e9s o menys&#8221; i est\u00e0 coordinat per L&#8217;Ag\u00e8ncia de l&#8217;Energia i Clima de l&#8217;Alt Empord\u00e0 del Consell Comarcal.L\u2019objectiu&hellip;  <a href=\"https:\/\/agora.xtec.cat\/ieslajonquera\/general\/practica-sobre-lenergia-solar\/\" title=\"Read Pr\u00e0ctica sobre l&#8217;energia solar a 2n d&#8217;ESO\">Llegeix m\u00e9s\u00bb<\/a><\/p>\n","protected":false},"author":3,"featured_media":0,"comment_status":"open","ping_status":"closed","sticky":false,"template":"","format":"standard","meta":{"_bbp_topic_count":0,"_bbp_reply_count":0,"_bbp_total_topic_count":0,"_bbp_total_reply_count":0,"_bbp_voice_count":0,"_bbp_anonymous_reply_count":0,"_bbp_topic_count_hidden":0,"_bbp_reply_count_hidden":0,"_bbp_forum_subforum_count":0,"footnotes":""},"categories":[1],"tags":[128,138],"class_list":["post-3436","post","type-post","status-publish","format-standard","hentry","category-general","tag-sostenibilitat","tag-tecnologia"],"post_mailing_queue_ids":[],"_links":{"self":[{"href":"https:\/\/agora.xtec.cat\/ieslajonquera\/wp-json\/wp\/v2\/posts\/3436","targetHints":{"allow":["GET"]}}],"collection":[{"href":"https:\/\/agora.xtec.cat\/ieslajonquera\/wp-json\/wp\/v2\/posts"}],"about":[{"href":"https:\/\/agora.xtec.cat\/ieslajonquera\/wp-json\/wp\/v2\/types\/post"}],"author":[{"embeddable":true,"href":"https:\/\/agora.xtec.cat\/ieslajonquera\/wp-json\/wp\/v2\/users\/3"}],"replies":[{"embeddable":true,"href":"https:\/\/agora.xtec.cat\/ieslajonquera\/wp-json\/wp\/v2\/comments?post=3436"}],"version-history":[{"count":2,"href":"https:\/\/agora.xtec.cat\/ieslajonquera\/wp-json\/wp\/v2\/posts\/3436\/revisions"}],"predecessor-version":[{"id":3439,"href":"https:\/\/agora.xtec.cat\/ieslajonquera\/wp-json\/wp\/v2\/posts\/3436\/revisions\/3439"}],"wp:attachment":[{"href":"https:\/\/agora.xtec.cat\/ieslajonquera\/wp-json\/wp\/v2\/media?parent=3436"}],"wp:term":[{"taxonomy":"category","embeddable":true,"href":"https:\/\/agora.xtec.cat\/ieslajonquera\/wp-json\/wp\/v2\/categories?post=3436"},{"taxonomy":"post_tag","embeddable":true,"href":"https:\/\/agora.xtec.cat\/ieslajonquera\/wp-json\/wp\/v2\/tags?post=3436"}],"curies":[{"name":"wp","href":"https:\/\/api.w.org\/{rel}","templated":true}]}}